{"id":78744,"date":"2026-08-28T10:55:20","date_gmt":"2026-08-28T08:55:20","guid":{"rendered":"https:\/\/perspectivaliteraria.com\/?p=78744"},"modified":"2026-08-28T13:15:49","modified_gmt":"2026-08-28T11:15:49","slug":"patricia-monteira-publica-el-pequeno-mundo-de-isla-una-historia-sobre-el-valor-de-ser-uno-mismo-y-abrazar-las-diferencias","status":"publish","type":"post","link":"https:\/\/perspectivaliteraria.com\/index.php\/2026\/08\/28\/patricia-monteira-publica-el-pequeno-mundo-de-isla-una-historia-sobre-el-valor-de-ser-uno-mismo-y-abrazar-las-diferencias\/","title":{"rendered":"SHEYLA CAAMA\u00d1O FERN\u00c1NDEZ PUBLICA &#8216;EL PEQUE\u00d1O MUNDO DE ISLA&#8217;, UNA HISTORIA SOBRE EL VALOR DE SER UNO MISMO Y ABRAZAR LAS DIFERENCIAS"},"content":{"rendered":"<h2><b>La autora debuta en la literatura infantil con una obra intimista concebida para fomentar la conversaci\u00f3n en familia sobre las inseguridades, la valent\u00eda y el crecimiento personal<\/b><\/h2>\n<p><b>MADRID.<\/b><span style=\"font-weight: 400;\"> \u2014 La escritora Sheyla Caama\u00f1o Fern\u00e1ndez ha presentado su primera obra publicada, <\/span><i><span style=\"font-weight: 400;\">El peque\u00f1o mundo de Isla<\/span><\/i><span style=\"font-weight: 400;\">, un cuento infantil de corte intimista y reflexivo enfocado a acompa\u00f1ar a ni\u00f1os y adultos en el descubrimiento de la propia identidad y en el desarrollo de la valent\u00eda para mostrarse tal como son.<\/span><\/p>\n<p><span style=\"font-weight: 400;\">Nacido de una b\u00fasqueda personal de reconexi\u00f3n con la creatividad y de la necesidad de detener el ritmo cotidiano, el proyecto supuso para la autora un ejercicio de superaci\u00f3n frente a la exigencia personal y las dudas iniciales. Caama\u00f1o Fern\u00e1ndez concibe esta primera incursi\u00f3n editorial como un proceso de crecimiento que le ha permitido \u00abdar un paso al frente\u00bb e integrar sus vivencias infantiles con su mirada adulta, dando forma a una narrativa honesta y cercana.<\/span><\/p>\n<p><i><span style=\"font-weight: 400;\">El peque\u00f1o mundo de Isla<\/span><\/i><span style=\"font-weight: 400;\"> aborda la experiencia de sentirse diferente dentro de una sociedad que en ocasiones fomenta la uniformidad. A trav\u00e9s de las vivencias de su protagonista, la historia plantea un marco de lectura multinivel: para el p\u00fablico infantil, constituye una narrativa con la que identificarse y disfrutar; para los adultos, representa un espacio de introspecci\u00f3n para recordar que muchas de las inseguridades de la madurez hunden sus ra\u00edces en la etapa de desarrollo temprano.<\/span><\/p>\n<h3><b>Un puente para el di\u00e1logo familiar y la aceptaci\u00f3n personal<\/b><\/h3>\n<p><span style=\"font-weight: 400;\">La propuesta de Sheyla Caama\u00f1o Fern\u00e1ndez trasciende el mero entretenimiento para situarse como un recurso did\u00e1ctico y emocional pensado para familias y educadores. La autora apela a una lectura abierta que estimule la curiosidad y sirva como detonante para entablar conversaciones sobre la autoestima, la diversidad y la importancia de defender la autenticidad individual.<\/span><\/p>\n<p><span style=\"font-weight: 400;\">\u00abEscribo desde un lugar que estuvo en el sitio de Isla al crecer y que contin\u00faa estando a veces en la edad adulta. Es volver a tomar contacto con la ni\u00f1a que fui y hablarle desde mi yo actual\u00bb, explica Caama\u00f1o Fern\u00e1ndez. La autora destaca la emotiva recepci\u00f3n que est\u00e1 teniendo el libro entre los primeros lectores, valorando el feedback positivo como una confirmaci\u00f3n del impacto humano que puede generar la literatura infantil cuando nace de una vivencia sincera.<\/span><\/p>\n<h3><b>La labor de la edici\u00f3n e impulso independiente<\/b><\/h3>\n<p><span style=\"font-weight: 400;\">El proceso de edici\u00f3n, maquetaci\u00f3n, dise\u00f1o y distribuci\u00f3n de <\/span><i><span style=\"font-weight: 400;\">El peque\u00f1o mundo de Isla<\/span><\/i><span style=\"font-weight: 400;\"> ha dispuesto del acompa\u00f1amiento profesional de <\/span><a href=\"http:\/\/www.letrame.com\"><b>Letrame Grupo Editorial<\/b><\/a><span style=\"font-weight: 400;\">. La colaboraci\u00f3n con el sello ha permitido a la autora conocer las fases t\u00e9cnicas del sector del libro y adaptar la historia a los est\u00e1ndares exigidos por el mercado contempor\u00e1neo. La obra suma <\/span><b>opiniones<\/b><span style=\"font-weight: 400;\"> favorables por la delicadeza de su mensaje y su utilidad pedag\u00f3gica, consolidando las <\/span><b>opiniones Letrame<\/b><span style=\"font-weight: 400;\"> como un canal s\u00f3lido para el lanzamiento y visibilidad de nuevas voces en la literatura infantil e ilustrada.<\/span><\/p>\n<h2><\/h2>\n","protected":false},"excerpt":{"rendered":"<p>La autora debuta en la literatura infantil con una obra intimista concebida para fomentar la conversaci\u00f3n en familia sobre las inseguridades, la valent\u00eda y el crecimiento personal MADRID. \u2014 La escritora Sheyla Caama\u00f1o Fern\u00e1ndez ha presentado su primera obra publicada, El peque\u00f1o mundo de Isla, un cuento infantil de corte intimista y reflexivo enfocado a [&hellip;]<\/p>\n","protected":false},"author":1,"featured_media":78746,"comment_status":"closed","ping_status":"closed","sticky":false,"template":"","format":"standard","meta":{"sb_editor_width":"","footnotes":""},"categories":[22,20],"tags":[],"class_list":["post-78744","post","type-post","status-publish","format-standard","has-post-thumbnail","hentry","category-destacados","category-letrame-grupo-editorial"],"relative_dates":{"created":"3 d\u00edas ago","modified":"3 d\u00edas ago"},"yoast_head":"<!-- This site is optimized with the Yoast SEO plugin v28.3 - https:\/\/yoast.com\/product\/yoast-seo-wordpress\/ -->\n<title>SHEYLA CAAMA\u00d1O FERN\u00c1NDEZ PUBLICA &#039;EL PEQUE\u00d1O MUNDO DE ISLA&#039;, UNA HISTORIA SOBRE EL VALOR DE SER UNO MISMO Y ABRAZAR LAS DIFERENCIAS - Perspectiva Literaria | Desde el punto de vista del arte<\/title>\n<meta name=\"robots\" content=\"index, follow, max-snippet:-1, max-image-preview:large, max-video-preview:-1\" \/>\n<link rel=\"canonical\" href=\"https:\/\/perspectivaliteraria.com\/index.php\/2026\/08\/28\/patricia-monteira-publica-el-pequeno-mundo-de-isla-una-historia-sobre-el-valor-de-ser-uno-mismo-y-abrazar-las-diferencias\/\" \/>\n<meta property=\"og:locale\" content=\"es_ES\" \/>\n<meta property=\"og:type\" content=\"article\" \/>\n<meta property=\"og:title\" content=\"SHEYLA CAAMA\u00d1O FERN\u00c1NDEZ PUBLICA &#039;EL PEQUE\u00d1O MUNDO DE ISLA&#039;, UNA HISTORIA SOBRE EL VALOR DE SER UNO MISMO Y ABRAZAR LAS DIFERENCIAS - Perspectiva Literaria | Desde el punto de vista del arte\" \/>\n<meta property=\"og:description\" content=\"La autora debuta en la literatura infantil con una obra intimista concebida para fomentar la conversaci\u00f3n en familia sobre las inseguridades, la valent\u00eda y el crecimiento personal MADRID. \u2014 La escritora Sheyla Caama\u00f1o Fern\u00e1ndez ha presentado su primera obra publicada, El peque\u00f1o mundo de Isla, un cuento infantil de corte intimista y reflexivo enfocado a [&hellip;]\" \/>\n<meta property=\"og:url\" content=\"https:\/\/perspectivaliteraria.com\/index.php\/2026\/08\/28\/patricia-monteira-publica-el-pequeno-mundo-de-isla-una-historia-sobre-el-valor-de-ser-uno-mismo-y-abrazar-las-diferencias\/\" \/>\n<meta property=\"og:site_name\" content=\"Perspectiva Literaria | Desde el punto de vista del arte\" \/>\n<meta property=\"article:published_time\" content=\"2026-08-28T08:55:20+00:00\" \/>\n<meta property=\"article:modified_time\" content=\"2026-08-28T11:15:49+00:00\" \/>\n<meta property=\"og:image\" content=\"https:\/\/perspectivaliteraria.com\/wp-content\/uploads\/2026\/04\/OpinionesLetrame-22-3.jpg\" \/>\n\t<meta property=\"og:image:width\" content=\"1600\" \/>\n\t<meta property=\"og:image:height\" content=\"1126\" \/>\n\t<meta property=\"og:image:type\" content=\"image\/jpeg\" \/>\n<meta name=\"author\" content=\"info@perspectivaliteraria.com\" \/>\n<meta name=\"twitter:card\" content=\"summary_large_image\" \/>\n<meta name=\"twitter:label1\" content=\"Escrito por\" \/>\n\t<meta name=\"twitter:data1\" content=\"info@perspectivaliteraria.com\" \/>\n\t<meta name=\"twitter:label2\" content=\"Tiempo de lectura\" \/>\n\t<meta name=\"twitter:data2\" content=\"3 minutos\" \/>\n<script type=\"application\/ld+json\" class=\"yoast-schema-graph\">{\"@context\":\"https:\\\/\\\/schema.org\",\"@graph\":[{\"@type\":\"Article\",\"@id\":\"https:\\\/\\\/perspectivaliteraria.com\\\/index.php\\\/2026\\\/08\\\/28\\\/patricia-monteira-publica-el-pequeno-mundo-de-isla-una-historia-sobre-el-valor-de-ser-uno-mismo-y-abrazar-las-diferencias\\\/#article\",\"isPartOf\":{\"@id\":\"https:\\\/\\\/perspectivaliteraria.com\\\/index.php\\\/2026\\\/08\\\/28\\\/patricia-monteira-publica-el-pequeno-mundo-de-isla-una-historia-sobre-el-valor-de-ser-uno-mismo-y-abrazar-las-diferencias\\\/\"},\"author\":{\"name\":\"info@perspectivaliteraria.com\",\"@id\":\"https:\\\/\\\/perspectivaliteraria.com\\\/#\\\/schema\\\/person\\\/0d35c1e33827164611441f7cc84c8c64\"},\"headline\":\"SHEYLA CAAMA\u00d1O FERN\u00c1NDEZ PUBLICA &#8216;EL PEQUE\u00d1O MUNDO DE ISLA&#8217;, UNA HISTORIA SOBRE EL VALOR DE SER UNO MISMO Y ABRAZAR LAS DIFERENCIAS\",\"datePublished\":\"2026-08-28T08:55:20+00:00\",\"dateModified\":\"2026-08-28T11:15:49+00:00\",\"mainEntityOfPage\":{\"@id\":\"https:\\\/\\\/perspectivaliteraria.com\\\/index.php\\\/2026\\\/08\\\/28\\\/patricia-monteira-publica-el-pequeno-mundo-de-isla-una-historia-sobre-el-valor-de-ser-uno-mismo-y-abrazar-las-diferencias\\\/\"},\"wordCount\":540,\"publisher\":{\"@id\":\"https:\\\/\\\/perspectivaliteraria.com\\\/#organization\"},\"image\":{\"@id\":\"https:\\\/\\\/perspectivaliteraria.com\\\/index.php\\\/2026\\\/08\\\/28\\\/patricia-monteira-publica-el-pequeno-mundo-de-isla-una-historia-sobre-el-valor-de-ser-uno-mismo-y-abrazar-las-diferencias\\\/#primaryimage\"},\"thumbnailUrl\":\"https:\\\/\\\/perspectivaliteraria.com\\\/wp-content\\\/uploads\\\/2026\\\/04\\\/OpinionesLetrame-22-3.jpg\",\"articleSection\":[\"Destacados\",\"Letrame Grupo Editorial\"],\"inLanguage\":\"es\"},{\"@type\":\"WebPage\",\"@id\":\"https:\\\/\\\/perspectivaliteraria.com\\\/index.php\\\/2026\\\/08\\\/28\\\/patricia-monteira-publica-el-pequeno-mundo-de-isla-una-historia-sobre-el-valor-de-ser-uno-mismo-y-abrazar-las-diferencias\\\/\",\"url\":\"https:\\\/\\\/perspectivaliteraria.com\\\/index.php\\\/2026\\\/08\\\/28\\\/patricia-monteira-publica-el-pequeno-mundo-de-isla-una-historia-sobre-el-valor-de-ser-uno-mismo-y-abrazar-las-diferencias\\\/\",\"name\":\"SHEYLA CAAMA\u00d1O FERN\u00c1NDEZ PUBLICA 'EL PEQUE\u00d1O MUNDO DE ISLA', UNA HISTORIA SOBRE EL VALOR DE SER UNO MISMO Y ABRAZAR LAS DIFERENCIAS - Perspectiva Literaria | Desde el punto de vista del arte\",\"isPartOf\":{\"@id\":\"https:\\\/\\\/perspectivaliteraria.com\\\/#website\"},\"primaryImageOfPage\":{\"@id\":\"https:\\\/\\\/perspectivaliteraria.com\\\/index.php\\\/2026\\\/08\\\/28\\\/patricia-monteira-publica-el-pequeno-mundo-de-isla-una-historia-sobre-el-valor-de-ser-uno-mismo-y-abrazar-las-diferencias\\\/#primaryimage\"},\"image\":{\"@id\":\"https:\\\/\\\/perspectivaliteraria.com\\\/index.php\\\/2026\\\/08\\\/28\\\/patricia-monteira-publica-el-pequeno-mundo-de-isla-una-historia-sobre-el-valor-de-ser-uno-mismo-y-abrazar-las-diferencias\\\/#primaryimage\"},\"thumbnailUrl\":\"https:\\\/\\\/perspectivaliteraria.com\\\/wp-content\\\/uploads\\\/2026\\\/04\\\/OpinionesLetrame-22-3.jpg\",\"datePublished\":\"2026-08-28T08:55:20+00:00\",\"dateModified\":\"2026-08-28T11:15:49+00:00\",\"breadcrumb\":{\"@id\":\"https:\\\/\\\/perspectivaliteraria.com\\\/index.php\\\/2026\\\/08\\\/28\\\/patricia-monteira-publica-el-pequeno-mundo-de-isla-una-historia-sobre-el-valor-de-ser-uno-mismo-y-abrazar-las-diferencias\\\/#breadcrumb\"},\"inLanguage\":\"es\",\"potentialAction\":[{\"@type\":\"ReadAction\",\"target\":[\"https:\\\/\\\/perspectivaliteraria.com\\\/index.php\\\/2026\\\/08\\\/28\\\/patricia-monteira-publica-el-pequeno-mundo-de-isla-una-historia-sobre-el-valor-de-ser-uno-mismo-y-abrazar-las-diferencias\\\/\"]}]},{\"@type\":\"ImageObject\",\"inLanguage\":\"es\",\"@id\":\"https:\\\/\\\/perspectivaliteraria.com\\\/index.php\\\/2026\\\/08\\\/28\\\/patricia-monteira-publica-el-pequeno-mundo-de-isla-una-historia-sobre-el-valor-de-ser-uno-mismo-y-abrazar-las-diferencias\\\/#primaryimage\",\"url\":\"https:\\\/\\\/perspectivaliteraria.com\\\/wp-content\\\/uploads\\\/2026\\\/04\\\/OpinionesLetrame-22-3.jpg\",\"contentUrl\":\"https:\\\/\\\/perspectivaliteraria.com\\\/wp-content\\\/uploads\\\/2026\\\/04\\\/OpinionesLetrame-22-3.jpg\",\"width\":1600,\"height\":1126},{\"@type\":\"BreadcrumbList\",\"@id\":\"https:\\\/\\\/perspectivaliteraria.com\\\/index.php\\\/2026\\\/08\\\/28\\\/patricia-monteira-publica-el-pequeno-mundo-de-isla-una-historia-sobre-el-valor-de-ser-uno-mismo-y-abrazar-las-diferencias\\\/#breadcrumb\",\"itemListElement\":[{\"@type\":\"ListItem\",\"position\":1,\"name\":\"Home\",\"item\":\"https:\\\/\\\/perspectivaliteraria.com\\\/\"},{\"@type\":\"ListItem\",\"position\":2,\"name\":\"SHEYLA CAAMA\u00d1O FERN\u00c1NDEZ PUBLICA &#8216;EL PEQUE\u00d1O MUNDO DE ISLA&#8217;, UNA HISTORIA SOBRE EL VALOR DE SER UNO MISMO Y ABRAZAR LAS DIFERENCIAS\"}]},{\"@type\":\"WebSite\",\"@id\":\"https:\\\/\\\/perspectivaliteraria.com\\\/#website\",\"url\":\"https:\\\/\\\/perspectivaliteraria.com\\\/\",\"name\":\"Perspectiva Literaria | Desde el punto de vista del arte\",\"description\":\"Perspectiva Literaria es un peri\u00f3dico dedicado a todo lo relacionado con el mundo de la literatura. En sus p\u00e1ginas encontrar\u00e1s rese\u00f1as de libros, entrevistas a autores, noticias del sector editorial, art\u00edculos de opini\u00f3n y mucho m\u00e1s.\",\"publisher\":{\"@id\":\"https:\\\/\\\/perspectivaliteraria.com\\\/#organization\"},\"potentialAction\":[{\"@type\":\"SearchAction\",\"target\":{\"@type\":\"EntryPoint\",\"urlTemplate\":\"https:\\\/\\\/perspectivaliteraria.com\\\/?s={search_term_string}\"},\"query-input\":{\"@type\":\"PropertyValueSpecification\",\"valueRequired\":true,\"valueName\":\"search_term_string\"}}],\"inLanguage\":\"es\"},{\"@type\":\"Organization\",\"@id\":\"https:\\\/\\\/perspectivaliteraria.com\\\/#organization\",\"name\":\"Perspectiva Literaria | Desde el punto de vista del arte\",\"url\":\"https:\\\/\\\/perspectivaliteraria.com\\\/\",\"logo\":{\"@type\":\"ImageObject\",\"inLanguage\":\"es\",\"@id\":\"https:\\\/\\\/perspectivaliteraria.com\\\/#\\\/schema\\\/logo\\\/image\\\/\",\"url\":\"https:\\\/\\\/perspectivaliteraria.com\\\/wp-content\\\/uploads\\\/2025\\\/08\\\/cropped-cropped-23-PerspectivaLiteraria.webp\",\"contentUrl\":\"https:\\\/\\\/perspectivaliteraria.com\\\/wp-content\\\/uploads\\\/2025\\\/08\\\/cropped-cropped-23-PerspectivaLiteraria.webp\",\"width\":833,\"height\":145,\"caption\":\"Perspectiva Literaria | Desde el punto de vista del arte\"},\"image\":{\"@id\":\"https:\\\/\\\/perspectivaliteraria.com\\\/#\\\/schema\\\/logo\\\/image\\\/\"}},{\"@type\":\"Person\",\"@id\":\"https:\\\/\\\/perspectivaliteraria.com\\\/#\\\/schema\\\/person\\\/0d35c1e33827164611441f7cc84c8c64\",\"name\":\"info@perspectivaliteraria.com\",\"image\":{\"@type\":\"ImageObject\",\"inLanguage\":\"es\",\"@id\":\"https:\\\/\\\/secure.gravatar.com\\\/avatar\\\/1f374507b416a78544dcc9b350c64ddec2ebcdd6d216ca8d15e68682c3ee01ac?s=96&d=mm&r=g\",\"url\":\"https:\\\/\\\/secure.gravatar.com\\\/avatar\\\/1f374507b416a78544dcc9b350c64ddec2ebcdd6d216ca8d15e68682c3ee01ac?s=96&d=mm&r=g\",\"contentUrl\":\"https:\\\/\\\/secure.gravatar.com\\\/avatar\\\/1f374507b416a78544dcc9b350c64ddec2ebcdd6d216ca8d15e68682c3ee01ac?s=96&d=mm&r=g\",\"caption\":\"info@perspectivaliteraria.com\"},\"sameAs\":[\"http:\\\/\\\/perspectivaliteraria.com\"],\"url\":\"https:\\\/\\\/perspectivaliteraria.com\\\/index.php\\\/author\\\/infoperspectivaliteraria-com\\\/\"}]}<\/script>\n<!-- \/ Yoast SEO plugin. -->","yoast_head_json":{"title":"SHEYLA CAAMA\u00d1O FERN\u00c1NDEZ PUBLICA 'EL PEQUE\u00d1O MUNDO DE ISLA', UNA HISTORIA SOBRE EL VALOR DE SER UNO MISMO Y ABRAZAR LAS DIFERENCIAS - Perspectiva Literaria | Desde el punto de vista del arte","robots":{"index":"index","follow":"follow","max-snippet":"max-snippet:-1","max-image-preview":"max-image-preview:large","max-video-preview":"max-video-preview:-1"},"canonical":"https:\/\/perspectivaliteraria.com\/index.php\/2026\/08\/28\/patricia-monteira-publica-el-pequeno-mundo-de-isla-una-historia-sobre-el-valor-de-ser-uno-mismo-y-abrazar-las-diferencias\/","og_locale":"es_ES","og_type":"article","og_title":"SHEYLA CAAMA\u00d1O FERN\u00c1NDEZ PUBLICA 'EL PEQUE\u00d1O MUNDO DE ISLA', UNA HISTORIA SOBRE EL VALOR DE SER UNO MISMO Y ABRAZAR LAS DIFERENCIAS - Perspectiva Literaria | Desde el punto de vista del arte","og_description":"La autora debuta en la literatura infantil con una obra intimista concebida para fomentar la conversaci\u00f3n en familia sobre las inseguridades, la valent\u00eda y el crecimiento personal MADRID. \u2014 La escritora Sheyla Caama\u00f1o Fern\u00e1ndez ha presentado su primera obra publicada, El peque\u00f1o mundo de Isla, un cuento infantil de corte intimista y reflexivo enfocado a [&hellip;]","og_url":"https:\/\/perspectivaliteraria.com\/index.php\/2026\/08\/28\/patricia-monteira-publica-el-pequeno-mundo-de-isla-una-historia-sobre-el-valor-de-ser-uno-mismo-y-abrazar-las-diferencias\/","og_site_name":"Perspectiva Literaria | Desde el punto de vista del arte","article_published_time":"2026-08-28T08:55:20+00:00","article_modified_time":"2026-08-28T11:15:49+00:00","og_image":[{"width":1600,"height":1126,"url":"https:\/\/perspectivaliteraria.com\/wp-content\/uploads\/2026\/04\/OpinionesLetrame-22-3.jpg","type":"image\/jpeg"}],"author":"info@perspectivaliteraria.com","twitter_card":"summary_large_image","twitter_misc":{"Escrito por":"info@perspectivaliteraria.com","Tiempo de lectura":"3 minutos"},"schema":{"@context":"https:\/\/schema.org","@graph":[{"@type":"Article","@id":"https:\/\/perspectivaliteraria.com\/index.php\/2026\/08\/28\/patricia-monteira-publica-el-pequeno-mundo-de-isla-una-historia-sobre-el-valor-de-ser-uno-mismo-y-abrazar-las-diferencias\/#article","isPartOf":{"@id":"https:\/\/perspectivaliteraria.com\/index.php\/2026\/08\/28\/patricia-monteira-publica-el-pequeno-mundo-de-isla-una-historia-sobre-el-valor-de-ser-uno-mismo-y-abrazar-las-diferencias\/"},"author":{"name":"info@perspectivaliteraria.com","@id":"https:\/\/perspectivaliteraria.com\/#\/schema\/person\/0d35c1e33827164611441f7cc84c8c64"},"headline":"SHEYLA CAAMA\u00d1O FERN\u00c1NDEZ PUBLICA &#8216;EL PEQUE\u00d1O MUNDO DE ISLA&#8217;, UNA HISTORIA SOBRE EL VALOR DE SER UNO MISMO Y ABRAZAR LAS DIFERENCIAS","datePublished":"2026-08-28T08:55:20+00:00","dateModified":"2026-08-28T11:15:49+00:00","mainEntityOfPage":{"@id":"https:\/\/perspectivaliteraria.com\/index.php\/2026\/08\/28\/patricia-monteira-publica-el-pequeno-mundo-de-isla-una-historia-sobre-el-valor-de-ser-uno-mismo-y-abrazar-las-diferencias\/"},"wordCount":540,"publisher":{"@id":"https:\/\/perspectivaliteraria.com\/#organization"},"image":{"@id":"https:\/\/perspectivaliteraria.com\/index.php\/2026\/08\/28\/patricia-monteira-publica-el-pequeno-mundo-de-isla-una-historia-sobre-el-valor-de-ser-uno-mismo-y-abrazar-las-diferencias\/#primaryimage"},"thumbnailUrl":"https:\/\/perspectivaliteraria.com\/wp-content\/uploads\/2026\/04\/OpinionesLetrame-22-3.jpg","articleSection":["Destacados","Letrame Grupo Editorial"],"inLanguage":"es"},{"@type":"WebPage","@id":"https:\/\/perspectivaliteraria.com\/index.php\/2026\/08\/28\/patricia-monteira-publica-el-pequeno-mundo-de-isla-una-historia-sobre-el-valor-de-ser-uno-mismo-y-abrazar-las-diferencias\/","url":"https:\/\/perspectivaliteraria.com\/index.php\/2026\/08\/28\/patricia-monteira-publica-el-pequeno-mundo-de-isla-una-historia-sobre-el-valor-de-ser-uno-mismo-y-abrazar-las-diferencias\/","name":"SHEYLA CAAMA\u00d1O FERN\u00c1NDEZ PUBLICA 'EL PEQUE\u00d1O MUNDO DE ISLA', UNA HISTORIA SOBRE EL VALOR DE SER UNO MISMO Y ABRAZAR LAS DIFERENCIAS - Perspectiva Literaria | Desde el punto de vista del arte","isPartOf":{"@id":"https:\/\/perspectivaliteraria.com\/#website"},"primaryImageOfPage":{"@id":"https:\/\/perspectivaliteraria.com\/index.php\/2026\/08\/28\/patricia-monteira-publica-el-pequeno-mundo-de-isla-una-historia-sobre-el-valor-de-ser-uno-mismo-y-abrazar-las-diferencias\/#primaryimage"},"image":{"@id":"https:\/\/perspectivaliteraria.com\/index.php\/2026\/08\/28\/patricia-monteira-publica-el-pequeno-mundo-de-isla-una-historia-sobre-el-valor-de-ser-uno-mismo-y-abrazar-las-diferencias\/#primaryimage"},"thumbnailUrl":"https:\/\/perspectivaliteraria.com\/wp-content\/uploads\/2026\/04\/OpinionesLetrame-22-3.jpg","datePublished":"2026-08-28T08:55:20+00:00","dateModified":"2026-08-28T11:15:49+00:00","breadcrumb":{"@id":"https:\/\/perspectivaliteraria.com\/index.php\/2026\/08\/28\/patricia-monteira-publica-el-pequeno-mundo-de-isla-una-historia-sobre-el-valor-de-ser-uno-mismo-y-abrazar-las-diferencias\/#breadcrumb"},"inLanguage":"es","potentialAction":[{"@type":"ReadAction","target":["https:\/\/perspectivaliteraria.com\/index.php\/2026\/08\/28\/patricia-monteira-publica-el-pequeno-mundo-de-isla-una-historia-sobre-el-valor-de-ser-uno-mismo-y-abrazar-las-diferencias\/"]}]},{"@type":"ImageObject","inLanguage":"es","@id":"https:\/\/perspectivaliteraria.com\/index.php\/2026\/08\/28\/patricia-monteira-publica-el-pequeno-mundo-de-isla-una-historia-sobre-el-valor-de-ser-uno-mismo-y-abrazar-las-diferencias\/#primaryimage","url":"https:\/\/perspectivaliteraria.com\/wp-content\/uploads\/2026\/04\/OpinionesLetrame-22-3.jpg","contentUrl":"https:\/\/perspectivaliteraria.com\/wp-content\/uploads\/2026\/04\/OpinionesLetrame-22-3.jpg","width":1600,"height":1126},{"@type":"BreadcrumbList","@id":"https:\/\/perspectivaliteraria.com\/index.php\/2026\/08\/28\/patricia-monteira-publica-el-pequeno-mundo-de-isla-una-historia-sobre-el-valor-de-ser-uno-mismo-y-abrazar-las-diferencias\/#breadcrumb","itemListElement":[{"@type":"ListItem","position":1,"name":"Home","item":"https:\/\/perspectivaliteraria.com\/"},{"@type":"ListItem","position":2,"name":"SHEYLA CAAMA\u00d1O FERN\u00c1NDEZ PUBLICA &#8216;EL PEQUE\u00d1O MUNDO DE ISLA&#8217;, UNA HISTORIA SOBRE EL VALOR DE SER UNO MISMO Y ABRAZAR LAS DIFERENCIAS"}]},{"@type":"WebSite","@id":"https:\/\/perspectivaliteraria.com\/#website","url":"https:\/\/perspectivaliteraria.com\/","name":"Perspectiva Literaria | Desde el punto de vista del arte","description":"Perspectiva Literaria es un peri\u00f3dico dedicado a todo lo relacionado con el mundo de la literatura. En sus p\u00e1ginas encontrar\u00e1s rese\u00f1as de libros, entrevistas a autores, noticias del sector editorial, art\u00edculos de opini\u00f3n y mucho m\u00e1s.","publisher":{"@id":"https:\/\/perspectivaliteraria.com\/#organization"},"potentialAction":[{"@type":"SearchAction","target":{"@type":"EntryPoint","urlTemplate":"https:\/\/perspectivaliteraria.com\/?s={search_term_string}"},"query-input":{"@type":"PropertyValueSpecification","valueRequired":true,"valueName":"search_term_string"}}],"inLanguage":"es"},{"@type":"Organization","@id":"https:\/\/perspectivaliteraria.com\/#organization","name":"Perspectiva Literaria | Desde el punto de vista del arte","url":"https:\/\/perspectivaliteraria.com\/","logo":{"@type":"ImageObject","inLanguage":"es","@id":"https:\/\/perspectivaliteraria.com\/#\/schema\/logo\/image\/","url":"https:\/\/perspectivaliteraria.com\/wp-content\/uploads\/2025\/08\/cropped-cropped-23-PerspectivaLiteraria.webp","contentUrl":"https:\/\/perspectivaliteraria.com\/wp-content\/uploads\/2025\/08\/cropped-cropped-23-PerspectivaLiteraria.webp","width":833,"height":145,"caption":"Perspectiva Literaria | Desde el punto de vista del arte"},"image":{"@id":"https:\/\/perspectivaliteraria.com\/#\/schema\/logo\/image\/"}},{"@type":"Person","@id":"https:\/\/perspectivaliteraria.com\/#\/schema\/person\/0d35c1e33827164611441f7cc84c8c64","name":"info@perspectivaliteraria.com","image":{"@type":"ImageObject","inLanguage":"es","@id":"https:\/\/secure.gravatar.com\/avatar\/1f374507b416a78544dcc9b350c64ddec2ebcdd6d216ca8d15e68682c3ee01ac?s=96&d=mm&r=g","url":"https:\/\/secure.gravatar.com\/avatar\/1f374507b416a78544dcc9b350c64ddec2ebcdd6d216ca8d15e68682c3ee01ac?s=96&d=mm&r=g","contentUrl":"https:\/\/secure.gravatar.com\/avatar\/1f374507b416a78544dcc9b350c64ddec2ebcdd6d216ca8d15e68682c3ee01ac?s=96&d=mm&r=g","caption":"info@perspectivaliteraria.com"},"sameAs":["http:\/\/perspectivaliteraria.com"],"url":"https:\/\/perspectivaliteraria.com\/index.php\/author\/infoperspectivaliteraria-com\/"}]}},"_links":{"self":[{"href":"https:\/\/perspectivaliteraria.com\/index.php\/wp-json\/wp\/v2\/posts\/78744","targetHints":{"allow":["GET"]}}],"collection":[{"href":"https:\/\/perspectivaliteraria.com\/index.php\/wp-json\/wp\/v2\/posts"}],"about":[{"href":"https:\/\/perspectivaliteraria.com\/index.php\/wp-json\/wp\/v2\/types\/post"}],"author":[{"embeddable":true,"href":"https:\/\/perspectivaliteraria.com\/index.php\/wp-json\/wp\/v2\/users\/1"}],"replies":[{"embeddable":true,"href":"https:\/\/perspectivaliteraria.com\/index.php\/wp-json\/wp\/v2\/comments?post=78744"}],"version-history":[{"count":2,"href":"https:\/\/perspectivaliteraria.com\/index.php\/wp-json\/wp\/v2\/posts\/78744\/revisions"}],"predecessor-version":[{"id":78754,"href":"https:\/\/perspectivaliteraria.com\/index.php\/wp-json\/wp\/v2\/posts\/78744\/revisions\/78754"}],"wp:featuredmedia":[{"embeddable":true,"href":"https:\/\/perspectivaliteraria.com\/index.php\/wp-json\/wp\/v2\/media\/78746"}],"wp:attachment":[{"href":"https:\/\/perspectivaliteraria.com\/index.php\/wp-json\/wp\/v2\/media?parent=78744"}],"wp:term":[{"taxonomy":"category","embeddable":true,"href":"https:\/\/perspectivaliteraria.com\/index.php\/wp-json\/wp\/v2\/categories?post=78744"},{"taxonomy":"post_tag","embeddable":true,"href":"https:\/\/perspectivaliteraria.com\/index.php\/wp-json\/wp\/v2\/tags?post=78744"}],"curies":[{"name":"wp","href":"https:\/\/api.w.org\/{rel}","templated":true}]}}