{"id":78822,"date":"2026-08-30T02:40:10","date_gmt":"2026-08-30T00:40:10","guid":{"rendered":"https:\/\/perspectivaliteraria.com\/index.php\/2026\/08\/30\/sabina-la-gloria-era-esto\/"},"modified":"2026-08-30T02:40:10","modified_gmt":"2026-08-30T00:40:10","slug":"sabina-la-gloria-era-esto","status":"publish","type":"post","link":"https:\/\/perspectivaliteraria.com\/index.php\/2026\/08\/30\/sabina-la-gloria-era-esto\/","title":{"rendered":"Sabina, la gloria era esto"},"content":{"rendered":"<p>La noche era un t\u00fanel sin final en el que a veces sal\u00eda el sol con sobresalto de flashazo. [[LINK:TAG|||tag|||6336193b59a61a391e0a168a|||<b>Sabina<\/b>]], en una fortaleza con balcones a una plaza que hace casi un siglo se llam\u00f3 del Progreso, <b>acaricia las calaveras de los a\u00f1os exprimidos hasta la m\u00e9dula como el asesino en serie que se solaza ante sus trofeos<\/b>, entre la sed repentina y la nostalgia incurable.<\/p>\n<p>La existencia discurre ahora a esa velocidad irritante de la c\u00e1mara lenta, como las sobremesas de verano en una casa en la monta\u00f1a, y el matador qu\u00edmicamente puro que fue se dedica a observar el temblor del mundo desde una barrera de oro sufragada con mucho verso bueno y miles de horas de escenario. <b>Toca dar conciertos de sal\u00f3n para uno mismo, leer un mill\u00f3n de libros, estrujar el televisor, inventar nuevos sonetos<\/b>, dibujar rostros o desnudos o sue\u00f1os que no llegaron a diluirse del todo, pelearse con el propio cuerpo o con el bosquejo de alguna canci\u00f3n. Pero ese alarde zen contrasta con lo que acontece en su interior, donde a\u00fan hay bocinazos provenientes de Granada y de Londres, y de un cine de verano que Dios puso ah\u00ed para que los ni\u00f1os que odiaban los espejos pudieran sacar la cabeza del agua y atragantarse de aire. Porque los ojos tan solo nos muestran una realidad de cientos, y el esp\u00edritu de un hombre que ha estado durante d\u00e9cadas atravesado de tumultos no se apacigua jam\u00e1s.<\/p>\n<p>En la Estaci\u00f3n de Francia los trenes part\u00edan hacia la tierra de la prosperidad o de la derrota, y \u00e9l, sin saberlo, eligi\u00f3 el bueno, pues sent\u00eda en la nuca el aliento de una pasma siniestra y aquel fue el primero que pas\u00f3. Pero en el modo en que se subi\u00f3 al vag\u00f3n, de un salto, sin pensar ni un segundo en todo lo que dejaba atr\u00e1s ni en los sustos que le reservaba el porvenir, es f\u00e1cil advertir un empuje ind\u00f3mito; unas ganas de abrazarse a la vida muy superiores al mayor de los miedos.<\/p>\n<p>En los a\u00f1os de exilio hizo lo que ten\u00eda que hacer, quemar la juventud, re\u00edrse much\u00edsimo y desentenderse del futuro, ese aguafiestas. Pero al volver a Espa\u00f1a<b> comprendi\u00f3 enseguida que la lengua es una alfombra voladora y un boleto en primera clase hacia la gloria o hacia cierta forma de majestad<\/b>. Y por eso afil\u00f3 el bol\u00edgrafo m\u00e1s all\u00e1 que cualquiera de sus pares, en ese intento, entre delirante y ut\u00f3pico, de dejar escrita la canci\u00f3n m\u00e1s hermosa del mundo. Y por ese carril circul\u00f3, sin olvidarse de vivir, durante una quincena de discos. \u00bfLo logr\u00f3? A veces pongo todo mi dinero en la casilla del s\u00ed, y otras concluyo que se qued\u00f3 cerca, mucho. Y puede que en eso estemos los dos de acuerdo.<\/p>\n<p>Los recuerdos, qu\u00e9 hijos de puta. Joaqu\u00edn sabe que la Chispa de aquel cine de \u00dabeda, la Lesley dylaniana y la Sonia del amor y la guerra son solo recuperables si cierra los ojos. Que el abuelo Ram\u00f3n, aquel \u00e1ngel que le descubri\u00f3 la m\u00fasica y la alegr\u00eda, era un ser lib\u00e9rrimo en una Espa\u00f1a cautiva.<b> Que la llave de aquella pensi\u00f3n de Granada ten\u00eda un pasadizo secreto que conectaba con la eternidad.<\/b> Y que la imagen de un padre apag\u00e1ndose en la cama de un hospital es algo que un hombre nunca deber\u00eda ver, puesto que ya jam\u00e1s saldr\u00e1 de esa fotograf\u00eda ominosa. Ni aun en las fiestas ni en los homenajes ni en las entregas de premios en donde la sonrisa profesional maquilla la tristeza.<\/p>\n<p>Las pupilas las dilatan ahora otras espuelas \u2013el mar, Jimena, algunos poemas, Carmela y Roc\u00edo, los amigos\u2013, <b>porque la vida va perdiendo m\u00fasculo y uno se vuelve un n\u00e1ufrago que se agarra a lo que en verdad importa<\/b>, mientras, de un modo inexorable, la obra empieza a desplazar al hombre, a devorarlo. Y pese a que a\u00fan se afane en un nuevo libro de versos o en una canci\u00f3n dur\u00edsima de roer, resulta que la gloria consist\u00eda en bajar la persiana porque el g\u00e9nero ya est\u00e1 vendido durante los pr\u00f3ximos cincuenta a\u00f1os. Y si existe una anomal\u00eda en verdad fabulosa, esa es mantenerse de lo escrito y cantado.<\/p>\n<p>En una pecera con espinas del centro de Madrid, donde la vida crepita en cada metro cuadrado y en todas las ventanas, unos ojos cargados de biograf\u00eda ven flotar las ruinas de los cabar\u00e9s y sonr\u00eden resignados. La gloria consist\u00eda en que sigan escribiendo de ti cada d\u00eda aunque no saques disco ni cantes para multitudes ni concedas entrevistas incendiarias.<b> La gloria era, es, ser un templo callado y que entren en ti con el debido respeto.<\/b><\/p>\n<p>\u00a0El artista comprendi\u00f3 enseguida que la lengua es una alfombra voladora y un boleto en primera clase hacia la gloria\u00a0\u00a0M\u00fasica, Cultura, Home La Raz\u00f3n\u00a0Noticias sobre M\u00fasica en La Raz\u00f3n<\/p>","protected":false},"excerpt":{"rendered":"<p>La noche era un t\u00fanel sin final en el que a veces sal\u00eda el sol con sobresalto de flashazo. [[LINK:TAG|||tag|||6336193b59a61a391e0a168a|||Sabina]], en una fortaleza con balcones a una plaza que hace casi un siglo se llam\u00f3 del Progreso, acaricia las calaveras de los a\u00f1os exprimidos hasta la m\u00e9dula como el asesino en serie que se solaza [&hellip;]<\/p>\n","protected":false},"author":1,"featured_media":78823,"comment_status":"","ping_status":"","sticky":false,"template":"","format":"standard","meta":{"sb_editor_width":"","footnotes":""},"categories":[16],"tags":[],"class_list":["post-78822","post","type-post","status-publish","format-standard","has-post-thumbnail","hentry","category-musica"],"relative_dates":{"created":"2 d\u00edas ago","modified":"2 d\u00edas ago"},"yoast_head":"<!-- This site is optimized with the Yoast SEO plugin v28.3 - https:\/\/yoast.com\/product\/yoast-seo-wordpress\/ -->\n<title>Sabina, la gloria era esto - Perspectiva Literaria | Desde el punto de vista del arte<\/title>\n<meta name=\"robots\" content=\"index, follow, max-snippet:-1, max-image-preview:large, max-video-preview:-1\" \/>\n<link rel=\"canonical\" href=\"https:\/\/perspectivaliteraria.com\/index.php\/2026\/08\/30\/sabina-la-gloria-era-esto\/\" \/>\n<meta property=\"og:locale\" content=\"es_ES\" \/>\n<meta property=\"og:type\" content=\"article\" \/>\n<meta property=\"og:title\" content=\"Sabina, la gloria era esto - Perspectiva Literaria | Desde el punto de vista del arte\" \/>\n<meta property=\"og:description\" content=\"La noche era un t\u00fanel sin final en el que a veces sal\u00eda el sol con sobresalto de flashazo. [[LINK:TAG|||tag|||6336193b59a61a391e0a168a|||Sabina]], en una fortaleza con balcones a una plaza que hace casi un siglo se llam\u00f3 del Progreso, acaricia las calaveras de los a\u00f1os exprimidos hasta la m\u00e9dula como el asesino en serie que se solaza [&hellip;]\" \/>\n<meta property=\"og:url\" content=\"https:\/\/perspectivaliteraria.com\/index.php\/2026\/08\/30\/sabina-la-gloria-era-esto\/\" \/>\n<meta property=\"og:site_name\" content=\"Perspectiva Literaria | Desde el punto de vista del arte\" \/>\n<meta property=\"article:published_time\" content=\"2026-08-30T00:40:10+00:00\" \/>\n<meta name=\"author\" content=\"info@perspectivaliteraria.com\" \/>\n<meta name=\"twitter:card\" content=\"summary_large_image\" \/>\n<meta name=\"twitter:label1\" content=\"Escrito por\" \/>\n\t<meta name=\"twitter:data1\" content=\"info@perspectivaliteraria.com\" \/>\n\t<meta name=\"twitter:label2\" content=\"Tiempo de lectura\" \/>\n\t<meta name=\"twitter:data2\" content=\"4 minutos\" \/>\n<script type=\"application\/ld+json\" class=\"yoast-schema-graph\">{\"@context\":\"https:\\\/\\\/schema.org\",\"@graph\":[{\"@type\":\"Article\",\"@id\":\"https:\\\/\\\/perspectivaliteraria.com\\\/index.php\\\/2026\\\/08\\\/30\\\/sabina-la-gloria-era-esto\\\/#article\",\"isPartOf\":{\"@id\":\"https:\\\/\\\/perspectivaliteraria.com\\\/index.php\\\/2026\\\/08\\\/30\\\/sabina-la-gloria-era-esto\\\/\"},\"author\":{\"name\":\"info@perspectivaliteraria.com\",\"@id\":\"https:\\\/\\\/perspectivaliteraria.com\\\/#\\\/schema\\\/person\\\/0d35c1e33827164611441f7cc84c8c64\"},\"headline\":\"Sabina, la gloria era esto\",\"datePublished\":\"2026-08-30T00:40:10+00:00\",\"mainEntityOfPage\":{\"@id\":\"https:\\\/\\\/perspectivaliteraria.com\\\/index.php\\\/2026\\\/08\\\/30\\\/sabina-la-gloria-era-esto\\\/\"},\"wordCount\":886,\"publisher\":{\"@id\":\"https:\\\/\\\/perspectivaliteraria.com\\\/#organization\"},\"image\":{\"@id\":\"https:\\\/\\\/perspectivaliteraria.com\\\/index.php\\\/2026\\\/08\\\/30\\\/sabina-la-gloria-era-esto\\\/#primaryimage\"},\"thumbnailUrl\":\"https:\\\/\\\/perspectivaliteraria.com\\\/wp-content\\\/uploads\\\/2026\\\/08\\\/joaquin-sabina_96-xr6BKM.jpg\",\"articleSection\":[\"M\u00fasica\"],\"inLanguage\":\"es\"},{\"@type\":\"WebPage\",\"@id\":\"https:\\\/\\\/perspectivaliteraria.com\\\/index.php\\\/2026\\\/08\\\/30\\\/sabina-la-gloria-era-esto\\\/\",\"url\":\"https:\\\/\\\/perspectivaliteraria.com\\\/index.php\\\/2026\\\/08\\\/30\\\/sabina-la-gloria-era-esto\\\/\",\"name\":\"Sabina, la gloria era esto - Perspectiva Literaria | Desde el punto de vista del arte\",\"isPartOf\":{\"@id\":\"https:\\\/\\\/perspectivaliteraria.com\\\/#website\"},\"primaryImageOfPage\":{\"@id\":\"https:\\\/\\\/perspectivaliteraria.com\\\/index.php\\\/2026\\\/08\\\/30\\\/sabina-la-gloria-era-esto\\\/#primaryimage\"},\"image\":{\"@id\":\"https:\\\/\\\/perspectivaliteraria.com\\\/index.php\\\/2026\\\/08\\\/30\\\/sabina-la-gloria-era-esto\\\/#primaryimage\"},\"thumbnailUrl\":\"https:\\\/\\\/perspectivaliteraria.com\\\/wp-content\\\/uploads\\\/2026\\\/08\\\/joaquin-sabina_96-xr6BKM.jpg\",\"datePublished\":\"2026-08-30T00:40:10+00:00\",\"breadcrumb\":{\"@id\":\"https:\\\/\\\/perspectivaliteraria.com\\\/index.php\\\/2026\\\/08\\\/30\\\/sabina-la-gloria-era-esto\\\/#breadcrumb\"},\"inLanguage\":\"es\",\"potentialAction\":[{\"@type\":\"ReadAction\",\"target\":[\"https:\\\/\\\/perspectivaliteraria.com\\\/index.php\\\/2026\\\/08\\\/30\\\/sabina-la-gloria-era-esto\\\/\"]}]},{\"@type\":\"ImageObject\",\"inLanguage\":\"es\",\"@id\":\"https:\\\/\\\/perspectivaliteraria.com\\\/index.php\\\/2026\\\/08\\\/30\\\/sabina-la-gloria-era-esto\\\/#primaryimage\",\"url\":\"https:\\\/\\\/perspectivaliteraria.com\\\/wp-content\\\/uploads\\\/2026\\\/08\\\/joaquin-sabina_96-xr6BKM.jpg\",\"contentUrl\":\"https:\\\/\\\/perspectivaliteraria.com\\\/wp-content\\\/uploads\\\/2026\\\/08\\\/joaquin-sabina_96-xr6BKM.jpg\",\"width\":1557,\"height\":876},{\"@type\":\"BreadcrumbList\",\"@id\":\"https:\\\/\\\/perspectivaliteraria.com\\\/index.php\\\/2026\\\/08\\\/30\\\/sabina-la-gloria-era-esto\\\/#breadcrumb\",\"itemListElement\":[{\"@type\":\"ListItem\",\"position\":1,\"name\":\"Home\",\"item\":\"https:\\\/\\\/perspectivaliteraria.com\\\/\"},{\"@type\":\"ListItem\",\"position\":2,\"name\":\"Sabina, la gloria era esto\"}]},{\"@type\":\"WebSite\",\"@id\":\"https:\\\/\\\/perspectivaliteraria.com\\\/#website\",\"url\":\"https:\\\/\\\/perspectivaliteraria.com\\\/\",\"name\":\"Perspectiva Literaria | Desde el punto de vista del arte\",\"description\":\"Perspectiva Literaria es un peri\u00f3dico dedicado a todo lo relacionado con el mundo de la literatura. En sus p\u00e1ginas encontrar\u00e1s rese\u00f1as de libros, entrevistas a autores, noticias del sector editorial, art\u00edculos de opini\u00f3n y mucho m\u00e1s.\",\"publisher\":{\"@id\":\"https:\\\/\\\/perspectivaliteraria.com\\\/#organization\"},\"potentialAction\":[{\"@type\":\"SearchAction\",\"target\":{\"@type\":\"EntryPoint\",\"urlTemplate\":\"https:\\\/\\\/perspectivaliteraria.com\\\/?s={search_term_string}\"},\"query-input\":{\"@type\":\"PropertyValueSpecification\",\"valueRequired\":true,\"valueName\":\"search_term_string\"}}],\"inLanguage\":\"es\"},{\"@type\":\"Organization\",\"@id\":\"https:\\\/\\\/perspectivaliteraria.com\\\/#organization\",\"name\":\"Perspectiva Literaria | Desde el punto de vista del arte\",\"url\":\"https:\\\/\\\/perspectivaliteraria.com\\\/\",\"logo\":{\"@type\":\"ImageObject\",\"inLanguage\":\"es\",\"@id\":\"https:\\\/\\\/perspectivaliteraria.com\\\/#\\\/schema\\\/logo\\\/image\\\/\",\"url\":\"https:\\\/\\\/perspectivaliteraria.com\\\/wp-content\\\/uploads\\\/2025\\\/08\\\/cropped-cropped-23-PerspectivaLiteraria.webp\",\"contentUrl\":\"https:\\\/\\\/perspectivaliteraria.com\\\/wp-content\\\/uploads\\\/2025\\\/08\\\/cropped-cropped-23-PerspectivaLiteraria.webp\",\"width\":833,\"height\":145,\"caption\":\"Perspectiva Literaria | Desde el punto de vista del arte\"},\"image\":{\"@id\":\"https:\\\/\\\/perspectivaliteraria.com\\\/#\\\/schema\\\/logo\\\/image\\\/\"}},{\"@type\":\"Person\",\"@id\":\"https:\\\/\\\/perspectivaliteraria.com\\\/#\\\/schema\\\/person\\\/0d35c1e33827164611441f7cc84c8c64\",\"name\":\"info@perspectivaliteraria.com\",\"image\":{\"@type\":\"ImageObject\",\"inLanguage\":\"es\",\"@id\":\"https:\\\/\\\/secure.gravatar.com\\\/avatar\\\/1f374507b416a78544dcc9b350c64ddec2ebcdd6d216ca8d15e68682c3ee01ac?s=96&d=mm&r=g\",\"url\":\"https:\\\/\\\/secure.gravatar.com\\\/avatar\\\/1f374507b416a78544dcc9b350c64ddec2ebcdd6d216ca8d15e68682c3ee01ac?s=96&d=mm&r=g\",\"contentUrl\":\"https:\\\/\\\/secure.gravatar.com\\\/avatar\\\/1f374507b416a78544dcc9b350c64ddec2ebcdd6d216ca8d15e68682c3ee01ac?s=96&d=mm&r=g\",\"caption\":\"info@perspectivaliteraria.com\"},\"sameAs\":[\"http:\\\/\\\/perspectivaliteraria.com\"],\"url\":\"https:\\\/\\\/perspectivaliteraria.com\\\/index.php\\\/author\\\/infoperspectivaliteraria-com\\\/\"}]}<\/script>\n<!-- \/ Yoast SEO plugin. -->","yoast_head_json":{"title":"Sabina, la gloria era esto - Perspectiva Literaria | Desde el punto de vista del arte","robots":{"index":"index","follow":"follow","max-snippet":"max-snippet:-1","max-image-preview":"max-image-preview:large","max-video-preview":"max-video-preview:-1"},"canonical":"https:\/\/perspectivaliteraria.com\/index.php\/2026\/08\/30\/sabina-la-gloria-era-esto\/","og_locale":"es_ES","og_type":"article","og_title":"Sabina, la gloria era esto - Perspectiva Literaria | Desde el punto de vista del arte","og_description":"La noche era un t\u00fanel sin final en el que a veces sal\u00eda el sol con sobresalto de flashazo. [[LINK:TAG|||tag|||6336193b59a61a391e0a168a|||Sabina]], en una fortaleza con balcones a una plaza que hace casi un siglo se llam\u00f3 del Progreso, acaricia las calaveras de los a\u00f1os exprimidos hasta la m\u00e9dula como el asesino en serie que se solaza [&hellip;]","og_url":"https:\/\/perspectivaliteraria.com\/index.php\/2026\/08\/30\/sabina-la-gloria-era-esto\/","og_site_name":"Perspectiva Literaria | Desde el punto de vista del arte","article_published_time":"2026-08-30T00:40:10+00:00","author":"info@perspectivaliteraria.com","twitter_card":"summary_large_image","twitter_misc":{"Escrito por":"info@perspectivaliteraria.com","Tiempo de lectura":"4 minutos"},"schema":{"@context":"https:\/\/schema.org","@graph":[{"@type":"Article","@id":"https:\/\/perspectivaliteraria.com\/index.php\/2026\/08\/30\/sabina-la-gloria-era-esto\/#article","isPartOf":{"@id":"https:\/\/perspectivaliteraria.com\/index.php\/2026\/08\/30\/sabina-la-gloria-era-esto\/"},"author":{"name":"info@perspectivaliteraria.com","@id":"https:\/\/perspectivaliteraria.com\/#\/schema\/person\/0d35c1e33827164611441f7cc84c8c64"},"headline":"Sabina, la gloria era esto","datePublished":"2026-08-30T00:40:10+00:00","mainEntityOfPage":{"@id":"https:\/\/perspectivaliteraria.com\/index.php\/2026\/08\/30\/sabina-la-gloria-era-esto\/"},"wordCount":886,"publisher":{"@id":"https:\/\/perspectivaliteraria.com\/#organization"},"image":{"@id":"https:\/\/perspectivaliteraria.com\/index.php\/2026\/08\/30\/sabina-la-gloria-era-esto\/#primaryimage"},"thumbnailUrl":"https:\/\/perspectivaliteraria.com\/wp-content\/uploads\/2026\/08\/joaquin-sabina_96-xr6BKM.jpg","articleSection":["M\u00fasica"],"inLanguage":"es"},{"@type":"WebPage","@id":"https:\/\/perspectivaliteraria.com\/index.php\/2026\/08\/30\/sabina-la-gloria-era-esto\/","url":"https:\/\/perspectivaliteraria.com\/index.php\/2026\/08\/30\/sabina-la-gloria-era-esto\/","name":"Sabina, la gloria era esto - Perspectiva Literaria | Desde el punto de vista del arte","isPartOf":{"@id":"https:\/\/perspectivaliteraria.com\/#website"},"primaryImageOfPage":{"@id":"https:\/\/perspectivaliteraria.com\/index.php\/2026\/08\/30\/sabina-la-gloria-era-esto\/#primaryimage"},"image":{"@id":"https:\/\/perspectivaliteraria.com\/index.php\/2026\/08\/30\/sabina-la-gloria-era-esto\/#primaryimage"},"thumbnailUrl":"https:\/\/perspectivaliteraria.com\/wp-content\/uploads\/2026\/08\/joaquin-sabina_96-xr6BKM.jpg","datePublished":"2026-08-30T00:40:10+00:00","breadcrumb":{"@id":"https:\/\/perspectivaliteraria.com\/index.php\/2026\/08\/30\/sabina-la-gloria-era-esto\/#breadcrumb"},"inLanguage":"es","potentialAction":[{"@type":"ReadAction","target":["https:\/\/perspectivaliteraria.com\/index.php\/2026\/08\/30\/sabina-la-gloria-era-esto\/"]}]},{"@type":"ImageObject","inLanguage":"es","@id":"https:\/\/perspectivaliteraria.com\/index.php\/2026\/08\/30\/sabina-la-gloria-era-esto\/#primaryimage","url":"https:\/\/perspectivaliteraria.com\/wp-content\/uploads\/2026\/08\/joaquin-sabina_96-xr6BKM.jpg","contentUrl":"https:\/\/perspectivaliteraria.com\/wp-content\/uploads\/2026\/08\/joaquin-sabina_96-xr6BKM.jpg","width":1557,"height":876},{"@type":"BreadcrumbList","@id":"https:\/\/perspectivaliteraria.com\/index.php\/2026\/08\/30\/sabina-la-gloria-era-esto\/#breadcrumb","itemListElement":[{"@type":"ListItem","position":1,"name":"Home","item":"https:\/\/perspectivaliteraria.com\/"},{"@type":"ListItem","position":2,"name":"Sabina, la gloria era esto"}]},{"@type":"WebSite","@id":"https:\/\/perspectivaliteraria.com\/#website","url":"https:\/\/perspectivaliteraria.com\/","name":"Perspectiva Literaria | Desde el punto de vista del arte","description":"Perspectiva Literaria es un peri\u00f3dico dedicado a todo lo relacionado con el mundo de la literatura. En sus p\u00e1ginas encontrar\u00e1s rese\u00f1as de libros, entrevistas a autores, noticias del sector editorial, art\u00edculos de opini\u00f3n y mucho m\u00e1s.","publisher":{"@id":"https:\/\/perspectivaliteraria.com\/#organization"},"potentialAction":[{"@type":"SearchAction","target":{"@type":"EntryPoint","urlTemplate":"https:\/\/perspectivaliteraria.com\/?s={search_term_string}"},"query-input":{"@type":"PropertyValueSpecification","valueRequired":true,"valueName":"search_term_string"}}],"inLanguage":"es"},{"@type":"Organization","@id":"https:\/\/perspectivaliteraria.com\/#organization","name":"Perspectiva Literaria | Desde el punto de vista del arte","url":"https:\/\/perspectivaliteraria.com\/","logo":{"@type":"ImageObject","inLanguage":"es","@id":"https:\/\/perspectivaliteraria.com\/#\/schema\/logo\/image\/","url":"https:\/\/perspectivaliteraria.com\/wp-content\/uploads\/2025\/08\/cropped-cropped-23-PerspectivaLiteraria.webp","contentUrl":"https:\/\/perspectivaliteraria.com\/wp-content\/uploads\/2025\/08\/cropped-cropped-23-PerspectivaLiteraria.webp","width":833,"height":145,"caption":"Perspectiva Literaria | Desde el punto de vista del arte"},"image":{"@id":"https:\/\/perspectivaliteraria.com\/#\/schema\/logo\/image\/"}},{"@type":"Person","@id":"https:\/\/perspectivaliteraria.com\/#\/schema\/person\/0d35c1e33827164611441f7cc84c8c64","name":"info@perspectivaliteraria.com","image":{"@type":"ImageObject","inLanguage":"es","@id":"https:\/\/secure.gravatar.com\/avatar\/1f374507b416a78544dcc9b350c64ddec2ebcdd6d216ca8d15e68682c3ee01ac?s=96&d=mm&r=g","url":"https:\/\/secure.gravatar.com\/avatar\/1f374507b416a78544dcc9b350c64ddec2ebcdd6d216ca8d15e68682c3ee01ac?s=96&d=mm&r=g","contentUrl":"https:\/\/secure.gravatar.com\/avatar\/1f374507b416a78544dcc9b350c64ddec2ebcdd6d216ca8d15e68682c3ee01ac?s=96&d=mm&r=g","caption":"info@perspectivaliteraria.com"},"sameAs":["http:\/\/perspectivaliteraria.com"],"url":"https:\/\/perspectivaliteraria.com\/index.php\/author\/infoperspectivaliteraria-com\/"}]}},"_links":{"self":[{"href":"https:\/\/perspectivaliteraria.com\/index.php\/wp-json\/wp\/v2\/posts\/78822","targetHints":{"allow":["GET"]}}],"collection":[{"href":"https:\/\/perspectivaliteraria.com\/index.php\/wp-json\/wp\/v2\/posts"}],"about":[{"href":"https:\/\/perspectivaliteraria.com\/index.php\/wp-json\/wp\/v2\/types\/post"}],"author":[{"embeddable":true,"href":"https:\/\/perspectivaliteraria.com\/index.php\/wp-json\/wp\/v2\/users\/1"}],"replies":[{"embeddable":true,"href":"https:\/\/perspectivaliteraria.com\/index.php\/wp-json\/wp\/v2\/comments?post=78822"}],"version-history":[{"count":0,"href":"https:\/\/perspectivaliteraria.com\/index.php\/wp-json\/wp\/v2\/posts\/78822\/revisions"}],"wp:featuredmedia":[{"embeddable":true,"href":"https:\/\/perspectivaliteraria.com\/index.php\/wp-json\/wp\/v2\/media\/78823"}],"wp:attachment":[{"href":"https:\/\/perspectivaliteraria.com\/index.php\/wp-json\/wp\/v2\/media?parent=78822"}],"wp:term":[{"taxonomy":"category","embeddable":true,"href":"https:\/\/perspectivaliteraria.com\/index.php\/wp-json\/wp\/v2\/categories?post=78822"},{"taxonomy":"post_tag","embeddable":true,"href":"https:\/\/perspectivaliteraria.com\/index.php\/wp-json\/wp\/v2\/tags?post=78822"}],"curies":[{"name":"wp","href":"https:\/\/api.w.org\/{rel}","templated":true}]}}