{"id":78934,"date":"2026-08-31T01:55:15","date_gmt":"2026-08-30T23:55:15","guid":{"rendered":"https:\/\/perspectivaliteraria.com\/index.php\/2026\/08\/31\/la-azotea-a-muchos-politicos-se-les-empieza-a-ver-como-aspirantes-a-estrellas-de-rock\/"},"modified":"2026-08-31T01:55:15","modified_gmt":"2026-08-30T23:55:15","slug":"la-azotea-a-muchos-politicos-se-les-empieza-a-ver-como-aspirantes-a-estrellas-de-rock","status":"publish","type":"post","link":"https:\/\/perspectivaliteraria.com\/index.php\/2026\/08\/31\/la-azotea-a-muchos-politicos-se-les-empieza-a-ver-como-aspirantes-a-estrellas-de-rock\/","title":{"rendered":"La Azotea: \u00abA muchos pol\u00edticos se les empieza a ver como aspirantes a estrellas de rock\u00bb"},"content":{"rendered":"<p>La Azotea, grupo de pop\/rock nacido en Madrid, es un quinteto: \u00c1lvaro (cantante), Jorge (guitarra r\u00edtmica, saxo), Javier (bater\u00eda), Pirri (bajista) y Pablo (guitarra solista). En 2024, cuando llevaban cuatro a\u00f1os de vida, publicaron su primer disco, pero no ha sido hasta el pasado junio, con el lanzamiento del EP \u00abMiura\u00bb, compuesto de cinco canciones que se pegan como chicles, cuando han entregado material del que se sienten plenamente satisfechos. Estamos ante un grupo indie en el sentido estricto del t\u00e9rmino, puesto que sus integrantes, dos ingenieros, un publicista, un piloto comercial y un administrativo, deben compaginar la m\u00fasica con distintos trabajos. Nada m\u00e1s adentrarte en una de sus canciones <b>te vienen a la cabeza El Canto del Loco y Pereza, e incluso ecos de Tequila<\/b>, y ellos no desmienten esa impresi\u00f3n: \u00abS\u00ed, Pereza, sobre todo, y tambi\u00e9n El Canto del Loco son dos referencias importantes \u2013afirma Jorge\u2013. Esa es la m\u00fasica que hemos escuchado de peque\u00f1os en el coche de nuestros padres. Y has mencionado a Tequila, una banda setentera con un sonido y un rollo distintos, y tambi\u00e9n hemos bebido de ellos y, a la hora de componer, han aparecido, seguro, en alg\u00fan momento\u00bb. Interviene \u00c1lvaro: \u00abAunque cada uno de nosotros tiene sus bandas preferidas y sus referencias, s\u00ed que tenemos en com\u00fan a grupos brit\u00e1nicos del \u00abbritpop\u00bb,<b> como Pulp, Suede y, por supuesto, Oasis, porque engloban una serie de cosas que nos gustan: <\/b>las letras, el sonido, la actitud\u00bb.<\/p>\n<h2 class=\"h2\">Madrid, \u00abciudad rock\u00bb<\/h2>\n<p>Ellos forman parte de una nueva escena de rock que en los \u00faltimos a\u00f1os est\u00e1 dando un hermoso zumo: \u00abEsa escena vuelve a estar muy fuerte, as\u00ed es \u2013explica \u00c1lvaro\u2013, y se est\u00e1 generando un lenguaje nuevo. Las bandas que han pegado la hostia, <b>como puedan ser Arde Bogot\u00e1, Ultraligera o Carolina Durante, tienen un lenguaje propio,<\/b> esto est\u00e1 claro, aunque no hagan unas<b> letras como las que hac\u00eda Robe, por ejemplo, que est\u00e1n al nivel de un Sabina, <\/b>pero es que esos son autores por encima del bien y del mal. Pero esos grupos que he se\u00f1alado tienen un lenguaje muy personal, aunque sea sencill\u00edsimo. Y creo que ah\u00ed est\u00e1 una de las claves de las bandas de esta nueva escena de rock, que les est\u00e1n dando a cierto sector de la juventud al que les gusta el rock esas canciones y esos sonidos de guitarra de antes. En los grupos espa\u00f1oles que est\u00e1n liderando esa nueva escena de rock hay un universo narrativo aut\u00e9ntico\u00bb. Y es Madrid el lugar donde se concreta ese poder\u00edo, la aut\u00e9ntica \u00abciudad rock\u00bb: \u00abAqu\u00ed, en Madrid, en estos \u00faltimos a\u00f1os, el circuito de conciertos y de directos es muy potente \u2013se\u00f1ala Javier\u2013. Cada fin de semana todas las salas de actuaciones est\u00e1n llenas, y creo que ese aceler\u00f3n se ha dado fundamentalmente en los tres \u00faltimos a\u00f1os. Incluso bandas de otras comunidades, tambi\u00e9n de otra gran ciudad como es Barcelona, acaban viniendo a Madrid y es aqu\u00ed donde hacen su concierto con m\u00e1s p\u00fablico. Te dir\u00eda que todos los d\u00edas del a\u00f1o hay conciertos llenos y \u201csold outs\u201d\u00bb. \u00c1lvaro lo ampl\u00eda: \u00abY luego, <b>a nivel de inspiraci\u00f3n, aunque en Madrid la europeizaci\u00f3n sea imparable y te cueste cada vez m\u00e1s encontrar un negocio que lleve 50 a\u00f1os<\/b>, sigue habiendo sitios m\u00e1gicos; ciertas zonas, barrios, lugares, garitos que mantienen, digamos, el duende y la magia del Madrid de hace 30 a\u00f1os, o m\u00e1s, del que todo el mundo habla\u00bb.<\/p>\n<blockquote class=\"blockquote \">\n<p class=\"blockquote__quote\">\u00abEn los grupos espa\u00f1oles que est\u00e1n liderando la nueva escena de rock hay un universo narrativo aut\u00e9ntico\u00bb<\/p>\n<\/blockquote>\n<p>Parece, les digo, que el rock ha perdido el cetro de mando de la subversi\u00f3n y que son los ritmos latinos los que portan ese estandarte, y no hay m\u00e1s que ir a un instituto para comprobar qu\u00e9 consumen los adolescentes de forma mayoritaria: \u00abS\u00ed, as\u00ed es \u2013concede Javier\u2013. De hecho, es como que se ha dado la vuelta y ahora son las canciones de reguet\u00f3n y de trap las que tienen mensajes m\u00e1s pol\u00e9micos. Y parece que la ola indie de los 2010-2020, con los que nosotros no nos sentimos identificados, est\u00e1 llena de mensajes muy buenistas, positivos, blancos\u00bb. \u00abAhora mismo \u2013dice \u00c1lvaro\u2013 impacta ver c\u00f3mo la gente se escandalizaba con Mick Jagger por c\u00f3mo mov\u00eda las piernas, o por sus letras, o simplemente porque llevaba el pelo largo. Poni\u00e9ndolo en perspectiva, cabe sospechar que dentro de 30 a\u00f1os la gente <b>ver\u00e1 que en esta d\u00e9cada el que escandalizaba era Bad Bunny\u00bb<\/b>. Y a\u00f1ade Jorge, tan certero como ir\u00f3nico: \u00abNosotros hemos venido tarde al rock, eso est\u00e1 claro. Y, desde luego, el rock ha perdido esa capacidad de incomodar que ten\u00eda antes\u00bb.<\/p>\n<blockquote class=\"blockquote \">\n<p class=\"blockquote__quote\">\u00abBandas de otras comunidades, tambi\u00e9n de Barcelona, acaban viniendo a Madrid y hacen su concierto con m\u00e1s p\u00fablico\u00bb<\/p>\n<\/blockquote>\n<p>Pese a advertir que son un grupo de rock sin tintes ideol\u00f3gicos ni pol\u00edticos, no pueden evitar sentirse afectados y decepcionados por el ambiente actual: \u00abCreo que el sentimiento general de nuestra generaci\u00f3n es el de poca conexi\u00f3n con la pol\u00edtica \u2013afirma Javier\u2013, noto una sensaci\u00f3n de apat\u00eda. Cuesta conectar con alg\u00fan partido y eso se ve en los porcentajes de voto, que \u00faltimamente rondan el 50 por ciento, cosa que me parece una barbaridad y demuestra que la gente se siente cada vez menos parte de todo eso\u00bb. Jorge lo ampl\u00eda: \u00abHace a\u00f1os o\u00eda hablar a la gente de un lado y del otro y me molestaba, porque sent\u00eda que nadie quer\u00eda escuchar lo que ten\u00eda que decir el otro, solo mirarse el ombligo. Y creo que ahora esto va cuesta abajo y sin frenos, que ha empeorado. Y hay una frase que me da mucho miedo, esa de que los pol\u00edticos y la pol\u00edtica son el reflejo de la sociedad. Porque, si eso es realmente as\u00ed, tenemos un problema.<b> Hay una sensaci\u00f3n general \u2013prosigue\u2013 de descontento y pasotismo, como dec\u00eda Javier<\/b>. Y aqu\u00ed tengo que poner un poco el grito en el cielo porque a m\u00ed me toca los huevos la gente que no va a votar, ya que eso significa que les da igual. Si no est\u00e1s de acuerdo tienes que ir a votar, y no en blanco. Hay que enterarse de la diferencia entre no votar, votar en blanco o votar en nulo. Si no vas a votar es que te da absolutamente igual lo que te est\u00e1 pasando\u00bb, y \u00c1lvaro remata: \u00abMe gustar\u00eda tirar un poco del hilo de una frase que has dicho t\u00fa, Javier, que es en qu\u00e9 momento los pol\u00edticos se han convertido en estrellas del rock o lo han intentado. Alguien dijo una vez, y me hizo mucha gracia, que los pol\u00edticos son estrellas de rock feas, porque no tienen la capacidad de ser estrellas de rock en un sentido art\u00edstico, <b>pero a muchos s\u00ed les gustan los focos, el micr\u00f3fono, las c\u00e1maras, las drogas, las mujeres y alimentarse a s\u00ed mismos, en todos los sentidos, lo m\u00e1ximo posible.<\/b> Entiendo que una parte grande de la sociedad est\u00e9 completamente desconectada, y es normal porque a muchos pol\u00edticos se les empieza a ver como aspirantes a estrellas de rock y no como a gente que quiere lo mejor para el pa\u00eds y para sus conciudadanos\u00bb.<\/p>\n<blockquote class=\"blockquote \">\n<p class=\"blockquote__quote\">\u00abA muchos pol\u00edticos les gustan los focos, el micr\u00f3fono, las c\u00e1maras, las drogas, las mujeres y alimentarse a s\u00ed mismos lo m\u00e1ximo posible\u00bb<\/p>\n<\/blockquote>\n<h2 class=\"h2\">Rock con las mejores vistas<\/h2>\n<p><b>Javier Men\u00e9ndez Flores<\/b><\/p>\n<p>Dicen que en Madrid hay m\u00e1s conciertos que salas, algo as\u00ed como el triple, y que si cierras los ojos y te concentras mucho te sube por los pies la vibraci\u00f3n de la m\u00fasica como una enredadera que, en cuesti\u00f3n de segundos, te activa la sangre y te empuja a bailar. Tal vez no sea para tanto, que se trate de una hip\u00e9rbole m\u00e1s de las muchas que circulan, pero qu\u00e9 hermoso es pensar que locura semejante pueda ser cierta. Que cada noche, en todos los barrios de esa ciudad que arrastra fama de bullanguera y hospitalaria, de no cerrar jam\u00e1s, se re\u00fanen, igual que vampiros sedientos, ej\u00e9rcitos de adoradores del rock, el pop, el trap y la canci\u00f3n de autor. Y que por unas horas se olvidan de cualquier cosa que exceda los m\u00e1rgenes de ese momento intim\u00edsimo.<\/p>\n<p>Cada vez que los miembros de La Azotea asisten a alguno, y m\u00e1s a\u00fan cuando son ellos los que lo dan, no pueden evitar acordarse de aquellos d\u00edas del primer local de ensayo, donde el ruido trataba sin \u00e9xito de hacerse pasar por m\u00fasica y las horas volaban entre conversaciones que siempre ten\u00edan al rock y al f\u00fatbol como protagonistas. Y todo ello aderezado con las litronas de cerveza que llevaban los amigos ocasionales y los bocadillos de chorizo que les preparaba un padre entregad\u00edsimo a la causa. Qu\u00e9 mal tocaban entonces, qu\u00e9 colosal desastre, pero todo lo que ha venido despu\u00e9s, y una gran parte de lo que cada uno de ellos es hoy, procede de ese club improvisado, de ese entusiasmo compartido, de esa cocina en la que cada tarde ensayaban el plato imposible de llegar a ser alguna vez como sus \u00eddolos.<\/p>\n<p>En el parque de la Colo, Alcal\u00e1 de Henares adentro, Jorge se emborrachaba del retablo de humanidad que captaban sus ojos y de la libertad que otorgaba la vida m\u00e1s all\u00e1 de las aulas. Y qu\u00e9 poco le costaba bosquejar el futuro con unos gramos de sentido com\u00fan y unos kilos de fantas\u00eda. Y en la memoria de Javier se mantiene intacta la mole del Vicente Calder\u00f3n, a un paseo euf\u00f3rico de la casa del abuelo, donde com\u00edan sin dejar de pensar que tan solo unas horas despu\u00e9s iban a estar dentro de ese templo colchonero, donde hasta las derrotas ten\u00edan algo de fiesta. Y en la mirada rasgada de \u00c1lvaro quedan los ecos de la casa del t\u00edo Pepe, en Acacias, prima hermana de Madrid-R\u00edo, donde el f\u00fatbol era un agua pura que ocupaba todos los rincones. Pero era cada verano que llegaba a Jap\u00f3n, a la diminuta casa de sus t\u00edos, construida por su abuelo con sus propias manos, cuando sent\u00eda el choque inefable de dos civilizaciones de las que se propuso extraer lo mejor. Y puede que lo haya logrado.<\/p>\n<p>Ver lanzarse dardos con curare a los hermanos Gallagher es puro rocanrol, MMA en vena, pero cada vez que en el tocadiscos de segunda mano sonaban \u00abWonderwall\u00bb y \u00abDon\u2019t look back in anger\u00bb era como si alguien hubiese puesto en pausa el tiempo y se os hubiera subido a la cabeza un c\u00f3ctel a base de saltos en paraca\u00eddas e islas desiertas. Pero si lo que busc\u00e1is es un espect\u00e1culo de una pureza sin igual, algo enteramente marciano, hacedme caso y no apart\u00e9is los ojos ni un segundo de un tal Brett Anderson, que reun\u00eda en su magro esqueleto el alma de la rock star, del actor de teatro experimental y del atleta.<\/p>\n<p>Da igual qu\u00e9 obst\u00e1culos os ponga por delante el porvenir, alambradas de espino o salas a medio gas: juntos, como en aquel local sin precio, sois un puto miura.<\/p>\n<p>\u00a0El madrile\u00f1o grupo de pop\/rock act\u00faa en Madrid el 10 y el 15 de septiembre (sala But y Jard\u00edn de las Delicias)\u00a0\u00a0M\u00fasica, Cultura, Home La Raz\u00f3n\u00a0Noticias sobre M\u00fasica en La Raz\u00f3n<\/p>","protected":false},"excerpt":{"rendered":"<p>La Azotea, grupo de pop\/rock nacido en Madrid, es un quinteto: \u00c1lvaro (cantante), Jorge (guitarra r\u00edtmica, saxo), Javier (bater\u00eda), Pirri (bajista) y Pablo (guitarra solista). En 2024, cuando llevaban cuatro a\u00f1os de vida, publicaron su primer disco, pero no ha sido hasta el pasado junio, con el lanzamiento del EP \u00abMiura\u00bb, compuesto de cinco canciones [&hellip;]<\/p>\n","protected":false},"author":1,"featured_media":78935,"comment_status":"","ping_status":"","sticky":false,"template":"","format":"standard","meta":{"sb_editor_width":"","footnotes":""},"categories":[16],"tags":[],"class_list":["post-78934","post","type-post","status-publish","format-standard","has-post-thumbnail","hentry","category-musica"],"relative_dates":{"created":"1 d\u00eda ago","modified":"1 d\u00eda ago"},"yoast_head":"<!-- This site is optimized with the Yoast SEO plugin v28.3 - https:\/\/yoast.com\/product\/yoast-seo-wordpress\/ -->\n<title>La Azotea: \u00abA muchos pol\u00edticos se les empieza a ver como aspirantes a estrellas de rock\u00bb - Perspectiva Literaria | Desde el punto de vista del arte<\/title>\n<meta name=\"robots\" content=\"index, follow, max-snippet:-1, max-image-preview:large, max-video-preview:-1\" \/>\n<link rel=\"canonical\" href=\"https:\/\/perspectivaliteraria.com\/index.php\/2026\/08\/31\/la-azotea-a-muchos-politicos-se-les-empieza-a-ver-como-aspirantes-a-estrellas-de-rock\/\" \/>\n<meta property=\"og:locale\" content=\"es_ES\" \/>\n<meta property=\"og:type\" content=\"article\" \/>\n<meta property=\"og:title\" content=\"La Azotea: \u00abA muchos pol\u00edticos se les empieza a ver como aspirantes a estrellas de rock\u00bb - Perspectiva Literaria | Desde el punto de vista del arte\" \/>\n<meta property=\"og:description\" content=\"La Azotea, grupo de pop\/rock nacido en Madrid, es un quinteto: \u00c1lvaro (cantante), Jorge (guitarra r\u00edtmica, saxo), Javier (bater\u00eda), Pirri (bajista) y Pablo (guitarra solista). En 2024, cuando llevaban cuatro a\u00f1os de vida, publicaron su primer disco, pero no ha sido hasta el pasado junio, con el lanzamiento del EP \u00abMiura\u00bb, compuesto de cinco canciones [&hellip;]\" \/>\n<meta property=\"og:url\" content=\"https:\/\/perspectivaliteraria.com\/index.php\/2026\/08\/31\/la-azotea-a-muchos-politicos-se-les-empieza-a-ver-como-aspirantes-a-estrellas-de-rock\/\" \/>\n<meta property=\"og:site_name\" content=\"Perspectiva Literaria | Desde el punto de vista del arte\" \/>\n<meta property=\"article:published_time\" content=\"2026-08-30T23:55:15+00:00\" \/>\n<meta name=\"author\" content=\"info@perspectivaliteraria.com\" \/>\n<meta name=\"twitter:card\" content=\"summary_large_image\" \/>\n<meta name=\"twitter:label1\" content=\"Escrito por\" \/>\n\t<meta name=\"twitter:data1\" content=\"info@perspectivaliteraria.com\" \/>\n\t<meta name=\"twitter:label2\" content=\"Tiempo de lectura\" \/>\n\t<meta name=\"twitter:data2\" content=\"10 minutos\" \/>\n<script type=\"application\/ld+json\" class=\"yoast-schema-graph\">{\"@context\":\"https:\\\/\\\/schema.org\",\"@graph\":[{\"@type\":\"Article\",\"@id\":\"https:\\\/\\\/perspectivaliteraria.com\\\/index.php\\\/2026\\\/08\\\/31\\\/la-azotea-a-muchos-politicos-se-les-empieza-a-ver-como-aspirantes-a-estrellas-de-rock\\\/#article\",\"isPartOf\":{\"@id\":\"https:\\\/\\\/perspectivaliteraria.com\\\/index.php\\\/2026\\\/08\\\/31\\\/la-azotea-a-muchos-politicos-se-les-empieza-a-ver-como-aspirantes-a-estrellas-de-rock\\\/\"},\"author\":{\"name\":\"info@perspectivaliteraria.com\",\"@id\":\"https:\\\/\\\/perspectivaliteraria.com\\\/#\\\/schema\\\/person\\\/0d35c1e33827164611441f7cc84c8c64\"},\"headline\":\"La Azotea: \u00abA muchos pol\u00edticos se les empieza a ver como aspirantes a estrellas de rock\u00bb\",\"datePublished\":\"2026-08-30T23:55:15+00:00\",\"mainEntityOfPage\":{\"@id\":\"https:\\\/\\\/perspectivaliteraria.com\\\/index.php\\\/2026\\\/08\\\/31\\\/la-azotea-a-muchos-politicos-se-les-empieza-a-ver-como-aspirantes-a-estrellas-de-rock\\\/\"},\"wordCount\":2022,\"publisher\":{\"@id\":\"https:\\\/\\\/perspectivaliteraria.com\\\/#organization\"},\"image\":{\"@id\":\"https:\\\/\\\/perspectivaliteraria.com\\\/index.php\\\/2026\\\/08\\\/31\\\/la-azotea-a-muchos-politicos-se-les-empieza-a-ver-como-aspirantes-a-estrellas-de-rock\\\/#primaryimage\"},\"thumbnailUrl\":\"https:\\\/\\\/perspectivaliteraria.com\\\/wp-content\\\/uploads\\\/2026\\\/08\\\/entrevista-grupo-musica-azotea_96-N83TiN-scaled.jpg\",\"articleSection\":[\"M\u00fasica\"],\"inLanguage\":\"es\"},{\"@type\":\"WebPage\",\"@id\":\"https:\\\/\\\/perspectivaliteraria.com\\\/index.php\\\/2026\\\/08\\\/31\\\/la-azotea-a-muchos-politicos-se-les-empieza-a-ver-como-aspirantes-a-estrellas-de-rock\\\/\",\"url\":\"https:\\\/\\\/perspectivaliteraria.com\\\/index.php\\\/2026\\\/08\\\/31\\\/la-azotea-a-muchos-politicos-se-les-empieza-a-ver-como-aspirantes-a-estrellas-de-rock\\\/\",\"name\":\"La Azotea: \u00abA muchos pol\u00edticos se les empieza a ver como aspirantes a estrellas de rock\u00bb - Perspectiva Literaria | Desde el punto de vista del arte\",\"isPartOf\":{\"@id\":\"https:\\\/\\\/perspectivaliteraria.com\\\/#website\"},\"primaryImageOfPage\":{\"@id\":\"https:\\\/\\\/perspectivaliteraria.com\\\/index.php\\\/2026\\\/08\\\/31\\\/la-azotea-a-muchos-politicos-se-les-empieza-a-ver-como-aspirantes-a-estrellas-de-rock\\\/#primaryimage\"},\"image\":{\"@id\":\"https:\\\/\\\/perspectivaliteraria.com\\\/index.php\\\/2026\\\/08\\\/31\\\/la-azotea-a-muchos-politicos-se-les-empieza-a-ver-como-aspirantes-a-estrellas-de-rock\\\/#primaryimage\"},\"thumbnailUrl\":\"https:\\\/\\\/perspectivaliteraria.com\\\/wp-content\\\/uploads\\\/2026\\\/08\\\/entrevista-grupo-musica-azotea_96-N83TiN-scaled.jpg\",\"datePublished\":\"2026-08-30T23:55:15+00:00\",\"breadcrumb\":{\"@id\":\"https:\\\/\\\/perspectivaliteraria.com\\\/index.php\\\/2026\\\/08\\\/31\\\/la-azotea-a-muchos-politicos-se-les-empieza-a-ver-como-aspirantes-a-estrellas-de-rock\\\/#breadcrumb\"},\"inLanguage\":\"es\",\"potentialAction\":[{\"@type\":\"ReadAction\",\"target\":[\"https:\\\/\\\/perspectivaliteraria.com\\\/index.php\\\/2026\\\/08\\\/31\\\/la-azotea-a-muchos-politicos-se-les-empieza-a-ver-como-aspirantes-a-estrellas-de-rock\\\/\"]}]},{\"@type\":\"ImageObject\",\"inLanguage\":\"es\",\"@id\":\"https:\\\/\\\/perspectivaliteraria.com\\\/index.php\\\/2026\\\/08\\\/31\\\/la-azotea-a-muchos-politicos-se-les-empieza-a-ver-como-aspirantes-a-estrellas-de-rock\\\/#primaryimage\",\"url\":\"https:\\\/\\\/perspectivaliteraria.com\\\/wp-content\\\/uploads\\\/2026\\\/08\\\/entrevista-grupo-musica-azotea_96-N83TiN-scaled.jpg\",\"contentUrl\":\"https:\\\/\\\/perspectivaliteraria.com\\\/wp-content\\\/uploads\\\/2026\\\/08\\\/entrevista-grupo-musica-azotea_96-N83TiN-scaled.jpg\",\"width\":2560,\"height\":1440},{\"@type\":\"BreadcrumbList\",\"@id\":\"https:\\\/\\\/perspectivaliteraria.com\\\/index.php\\\/2026\\\/08\\\/31\\\/la-azotea-a-muchos-politicos-se-les-empieza-a-ver-como-aspirantes-a-estrellas-de-rock\\\/#breadcrumb\",\"itemListElement\":[{\"@type\":\"ListItem\",\"position\":1,\"name\":\"Home\",\"item\":\"https:\\\/\\\/perspectivaliteraria.com\\\/\"},{\"@type\":\"ListItem\",\"position\":2,\"name\":\"La Azotea: \u00abA muchos pol\u00edticos se les empieza a ver como aspirantes a estrellas de rock\u00bb\"}]},{\"@type\":\"WebSite\",\"@id\":\"https:\\\/\\\/perspectivaliteraria.com\\\/#website\",\"url\":\"https:\\\/\\\/perspectivaliteraria.com\\\/\",\"name\":\"Perspectiva Literaria | Desde el punto de vista del arte\",\"description\":\"Perspectiva Literaria es un peri\u00f3dico dedicado a todo lo relacionado con el mundo de la literatura. En sus p\u00e1ginas encontrar\u00e1s rese\u00f1as de libros, entrevistas a autores, noticias del sector editorial, art\u00edculos de opini\u00f3n y mucho m\u00e1s.\",\"publisher\":{\"@id\":\"https:\\\/\\\/perspectivaliteraria.com\\\/#organization\"},\"potentialAction\":[{\"@type\":\"SearchAction\",\"target\":{\"@type\":\"EntryPoint\",\"urlTemplate\":\"https:\\\/\\\/perspectivaliteraria.com\\\/?s={search_term_string}\"},\"query-input\":{\"@type\":\"PropertyValueSpecification\",\"valueRequired\":true,\"valueName\":\"search_term_string\"}}],\"inLanguage\":\"es\"},{\"@type\":\"Organization\",\"@id\":\"https:\\\/\\\/perspectivaliteraria.com\\\/#organization\",\"name\":\"Perspectiva Literaria | Desde el punto de vista del arte\",\"url\":\"https:\\\/\\\/perspectivaliteraria.com\\\/\",\"logo\":{\"@type\":\"ImageObject\",\"inLanguage\":\"es\",\"@id\":\"https:\\\/\\\/perspectivaliteraria.com\\\/#\\\/schema\\\/logo\\\/image\\\/\",\"url\":\"https:\\\/\\\/perspectivaliteraria.com\\\/wp-content\\\/uploads\\\/2025\\\/08\\\/cropped-cropped-23-PerspectivaLiteraria.webp\",\"contentUrl\":\"https:\\\/\\\/perspectivaliteraria.com\\\/wp-content\\\/uploads\\\/2025\\\/08\\\/cropped-cropped-23-PerspectivaLiteraria.webp\",\"width\":833,\"height\":145,\"caption\":\"Perspectiva Literaria | Desde el punto de vista del arte\"},\"image\":{\"@id\":\"https:\\\/\\\/perspectivaliteraria.com\\\/#\\\/schema\\\/logo\\\/image\\\/\"}},{\"@type\":\"Person\",\"@id\":\"https:\\\/\\\/perspectivaliteraria.com\\\/#\\\/schema\\\/person\\\/0d35c1e33827164611441f7cc84c8c64\",\"name\":\"info@perspectivaliteraria.com\",\"image\":{\"@type\":\"ImageObject\",\"inLanguage\":\"es\",\"@id\":\"https:\\\/\\\/secure.gravatar.com\\\/avatar\\\/1f374507b416a78544dcc9b350c64ddec2ebcdd6d216ca8d15e68682c3ee01ac?s=96&d=mm&r=g\",\"url\":\"https:\\\/\\\/secure.gravatar.com\\\/avatar\\\/1f374507b416a78544dcc9b350c64ddec2ebcdd6d216ca8d15e68682c3ee01ac?s=96&d=mm&r=g\",\"contentUrl\":\"https:\\\/\\\/secure.gravatar.com\\\/avatar\\\/1f374507b416a78544dcc9b350c64ddec2ebcdd6d216ca8d15e68682c3ee01ac?s=96&d=mm&r=g\",\"caption\":\"info@perspectivaliteraria.com\"},\"sameAs\":[\"http:\\\/\\\/perspectivaliteraria.com\"],\"url\":\"https:\\\/\\\/perspectivaliteraria.com\\\/index.php\\\/author\\\/infoperspectivaliteraria-com\\\/\"}]}<\/script>\n<!-- \/ Yoast SEO plugin. -->","yoast_head_json":{"title":"La Azotea: \u00abA muchos pol\u00edticos se les empieza a ver como aspirantes a estrellas de rock\u00bb - Perspectiva Literaria | Desde el punto de vista del arte","robots":{"index":"index","follow":"follow","max-snippet":"max-snippet:-1","max-image-preview":"max-image-preview:large","max-video-preview":"max-video-preview:-1"},"canonical":"https:\/\/perspectivaliteraria.com\/index.php\/2026\/08\/31\/la-azotea-a-muchos-politicos-se-les-empieza-a-ver-como-aspirantes-a-estrellas-de-rock\/","og_locale":"es_ES","og_type":"article","og_title":"La Azotea: \u00abA muchos pol\u00edticos se les empieza a ver como aspirantes a estrellas de rock\u00bb - Perspectiva Literaria | Desde el punto de vista del arte","og_description":"La Azotea, grupo de pop\/rock nacido en Madrid, es un quinteto: \u00c1lvaro (cantante), Jorge (guitarra r\u00edtmica, saxo), Javier (bater\u00eda), Pirri (bajista) y Pablo (guitarra solista). En 2024, cuando llevaban cuatro a\u00f1os de vida, publicaron su primer disco, pero no ha sido hasta el pasado junio, con el lanzamiento del EP \u00abMiura\u00bb, compuesto de cinco canciones [&hellip;]","og_url":"https:\/\/perspectivaliteraria.com\/index.php\/2026\/08\/31\/la-azotea-a-muchos-politicos-se-les-empieza-a-ver-como-aspirantes-a-estrellas-de-rock\/","og_site_name":"Perspectiva Literaria | Desde el punto de vista del arte","article_published_time":"2026-08-30T23:55:15+00:00","author":"info@perspectivaliteraria.com","twitter_card":"summary_large_image","twitter_misc":{"Escrito por":"info@perspectivaliteraria.com","Tiempo de lectura":"10 minutos"},"schema":{"@context":"https:\/\/schema.org","@graph":[{"@type":"Article","@id":"https:\/\/perspectivaliteraria.com\/index.php\/2026\/08\/31\/la-azotea-a-muchos-politicos-se-les-empieza-a-ver-como-aspirantes-a-estrellas-de-rock\/#article","isPartOf":{"@id":"https:\/\/perspectivaliteraria.com\/index.php\/2026\/08\/31\/la-azotea-a-muchos-politicos-se-les-empieza-a-ver-como-aspirantes-a-estrellas-de-rock\/"},"author":{"name":"info@perspectivaliteraria.com","@id":"https:\/\/perspectivaliteraria.com\/#\/schema\/person\/0d35c1e33827164611441f7cc84c8c64"},"headline":"La Azotea: \u00abA muchos pol\u00edticos se les empieza a ver como aspirantes a estrellas de rock\u00bb","datePublished":"2026-08-30T23:55:15+00:00","mainEntityOfPage":{"@id":"https:\/\/perspectivaliteraria.com\/index.php\/2026\/08\/31\/la-azotea-a-muchos-politicos-se-les-empieza-a-ver-como-aspirantes-a-estrellas-de-rock\/"},"wordCount":2022,"publisher":{"@id":"https:\/\/perspectivaliteraria.com\/#organization"},"image":{"@id":"https:\/\/perspectivaliteraria.com\/index.php\/2026\/08\/31\/la-azotea-a-muchos-politicos-se-les-empieza-a-ver-como-aspirantes-a-estrellas-de-rock\/#primaryimage"},"thumbnailUrl":"https:\/\/perspectivaliteraria.com\/wp-content\/uploads\/2026\/08\/entrevista-grupo-musica-azotea_96-N83TiN-scaled.jpg","articleSection":["M\u00fasica"],"inLanguage":"es"},{"@type":"WebPage","@id":"https:\/\/perspectivaliteraria.com\/index.php\/2026\/08\/31\/la-azotea-a-muchos-politicos-se-les-empieza-a-ver-como-aspirantes-a-estrellas-de-rock\/","url":"https:\/\/perspectivaliteraria.com\/index.php\/2026\/08\/31\/la-azotea-a-muchos-politicos-se-les-empieza-a-ver-como-aspirantes-a-estrellas-de-rock\/","name":"La Azotea: \u00abA muchos pol\u00edticos se les empieza a ver como aspirantes a estrellas de rock\u00bb - Perspectiva Literaria | Desde el punto de vista del arte","isPartOf":{"@id":"https:\/\/perspectivaliteraria.com\/#website"},"primaryImageOfPage":{"@id":"https:\/\/perspectivaliteraria.com\/index.php\/2026\/08\/31\/la-azotea-a-muchos-politicos-se-les-empieza-a-ver-como-aspirantes-a-estrellas-de-rock\/#primaryimage"},"image":{"@id":"https:\/\/perspectivaliteraria.com\/index.php\/2026\/08\/31\/la-azotea-a-muchos-politicos-se-les-empieza-a-ver-como-aspirantes-a-estrellas-de-rock\/#primaryimage"},"thumbnailUrl":"https:\/\/perspectivaliteraria.com\/wp-content\/uploads\/2026\/08\/entrevista-grupo-musica-azotea_96-N83TiN-scaled.jpg","datePublished":"2026-08-30T23:55:15+00:00","breadcrumb":{"@id":"https:\/\/perspectivaliteraria.com\/index.php\/2026\/08\/31\/la-azotea-a-muchos-politicos-se-les-empieza-a-ver-como-aspirantes-a-estrellas-de-rock\/#breadcrumb"},"inLanguage":"es","potentialAction":[{"@type":"ReadAction","target":["https:\/\/perspectivaliteraria.com\/index.php\/2026\/08\/31\/la-azotea-a-muchos-politicos-se-les-empieza-a-ver-como-aspirantes-a-estrellas-de-rock\/"]}]},{"@type":"ImageObject","inLanguage":"es","@id":"https:\/\/perspectivaliteraria.com\/index.php\/2026\/08\/31\/la-azotea-a-muchos-politicos-se-les-empieza-a-ver-como-aspirantes-a-estrellas-de-rock\/#primaryimage","url":"https:\/\/perspectivaliteraria.com\/wp-content\/uploads\/2026\/08\/entrevista-grupo-musica-azotea_96-N83TiN-scaled.jpg","contentUrl":"https:\/\/perspectivaliteraria.com\/wp-content\/uploads\/2026\/08\/entrevista-grupo-musica-azotea_96-N83TiN-scaled.jpg","width":2560,"height":1440},{"@type":"BreadcrumbList","@id":"https:\/\/perspectivaliteraria.com\/index.php\/2026\/08\/31\/la-azotea-a-muchos-politicos-se-les-empieza-a-ver-como-aspirantes-a-estrellas-de-rock\/#breadcrumb","itemListElement":[{"@type":"ListItem","position":1,"name":"Home","item":"https:\/\/perspectivaliteraria.com\/"},{"@type":"ListItem","position":2,"name":"La Azotea: \u00abA muchos pol\u00edticos se les empieza a ver como aspirantes a estrellas de rock\u00bb"}]},{"@type":"WebSite","@id":"https:\/\/perspectivaliteraria.com\/#website","url":"https:\/\/perspectivaliteraria.com\/","name":"Perspectiva Literaria | Desde el punto de vista del arte","description":"Perspectiva Literaria es un peri\u00f3dico dedicado a todo lo relacionado con el mundo de la literatura. En sus p\u00e1ginas encontrar\u00e1s rese\u00f1as de libros, entrevistas a autores, noticias del sector editorial, art\u00edculos de opini\u00f3n y mucho m\u00e1s.","publisher":{"@id":"https:\/\/perspectivaliteraria.com\/#organization"},"potentialAction":[{"@type":"SearchAction","target":{"@type":"EntryPoint","urlTemplate":"https:\/\/perspectivaliteraria.com\/?s={search_term_string}"},"query-input":{"@type":"PropertyValueSpecification","valueRequired":true,"valueName":"search_term_string"}}],"inLanguage":"es"},{"@type":"Organization","@id":"https:\/\/perspectivaliteraria.com\/#organization","name":"Perspectiva Literaria | Desde el punto de vista del arte","url":"https:\/\/perspectivaliteraria.com\/","logo":{"@type":"ImageObject","inLanguage":"es","@id":"https:\/\/perspectivaliteraria.com\/#\/schema\/logo\/image\/","url":"https:\/\/perspectivaliteraria.com\/wp-content\/uploads\/2025\/08\/cropped-cropped-23-PerspectivaLiteraria.webp","contentUrl":"https:\/\/perspectivaliteraria.com\/wp-content\/uploads\/2025\/08\/cropped-cropped-23-PerspectivaLiteraria.webp","width":833,"height":145,"caption":"Perspectiva Literaria | Desde el punto de vista del arte"},"image":{"@id":"https:\/\/perspectivaliteraria.com\/#\/schema\/logo\/image\/"}},{"@type":"Person","@id":"https:\/\/perspectivaliteraria.com\/#\/schema\/person\/0d35c1e33827164611441f7cc84c8c64","name":"info@perspectivaliteraria.com","image":{"@type":"ImageObject","inLanguage":"es","@id":"https:\/\/secure.gravatar.com\/avatar\/1f374507b416a78544dcc9b350c64ddec2ebcdd6d216ca8d15e68682c3ee01ac?s=96&d=mm&r=g","url":"https:\/\/secure.gravatar.com\/avatar\/1f374507b416a78544dcc9b350c64ddec2ebcdd6d216ca8d15e68682c3ee01ac?s=96&d=mm&r=g","contentUrl":"https:\/\/secure.gravatar.com\/avatar\/1f374507b416a78544dcc9b350c64ddec2ebcdd6d216ca8d15e68682c3ee01ac?s=96&d=mm&r=g","caption":"info@perspectivaliteraria.com"},"sameAs":["http:\/\/perspectivaliteraria.com"],"url":"https:\/\/perspectivaliteraria.com\/index.php\/author\/infoperspectivaliteraria-com\/"}]}},"_links":{"self":[{"href":"https:\/\/perspectivaliteraria.com\/index.php\/wp-json\/wp\/v2\/posts\/78934","targetHints":{"allow":["GET"]}}],"collection":[{"href":"https:\/\/perspectivaliteraria.com\/index.php\/wp-json\/wp\/v2\/posts"}],"about":[{"href":"https:\/\/perspectivaliteraria.com\/index.php\/wp-json\/wp\/v2\/types\/post"}],"author":[{"embeddable":true,"href":"https:\/\/perspectivaliteraria.com\/index.php\/wp-json\/wp\/v2\/users\/1"}],"replies":[{"embeddable":true,"href":"https:\/\/perspectivaliteraria.com\/index.php\/wp-json\/wp\/v2\/comments?post=78934"}],"version-history":[{"count":0,"href":"https:\/\/perspectivaliteraria.com\/index.php\/wp-json\/wp\/v2\/posts\/78934\/revisions"}],"wp:featuredmedia":[{"embeddable":true,"href":"https:\/\/perspectivaliteraria.com\/index.php\/wp-json\/wp\/v2\/media\/78935"}],"wp:attachment":[{"href":"https:\/\/perspectivaliteraria.com\/index.php\/wp-json\/wp\/v2\/media?parent=78934"}],"wp:term":[{"taxonomy":"category","embeddable":true,"href":"https:\/\/perspectivaliteraria.com\/index.php\/wp-json\/wp\/v2\/categories?post=78934"},{"taxonomy":"post_tag","embeddable":true,"href":"https:\/\/perspectivaliteraria.com\/index.php\/wp-json\/wp\/v2\/tags?post=78934"}],"curies":[{"name":"wp","href":"https:\/\/api.w.org\/{rel}","templated":true}]}}