{"id":78964,"date":"2026-08-31T05:30:01","date_gmt":"2026-08-31T03:30:01","guid":{"rendered":"https:\/\/perspectivaliteraria.com\/index.php\/2026\/08\/31\/los-12-discos-de-pop-y-rock-que-hay-que-escuchar-hoy-agosto-2026\/"},"modified":"2026-08-31T05:30:01","modified_gmt":"2026-08-31T03:30:01","slug":"los-12-discos-de-pop-y-rock-que-hay-que-escuchar-hoy-agosto-2026","status":"publish","type":"post","link":"https:\/\/perspectivaliteraria.com\/index.php\/2026\/08\/31\/los-12-discos-de-pop-y-rock-que-hay-que-escuchar-hoy-agosto-2026\/","title":{"rendered":"Los 12 discos de pop y rock que hay que escuchar hoy (agosto 2026)"},"content":{"rendered":"<p><img fetchpriority=\"high\" decoding=\"async\" src=\"https:\/\/imagenes.elpais.com\/resizer\/v2\/A3BGFFPEUNBFNG4VKD4UTTNB4Y.webp?auth=60903802f0afc7f8d4a6a4f8f0ae4eb4687bbaa1f4be5ff4015cb08b0397caa6&amp;width=1500&amp;height=1500&amp;smart=true\" alt=\"Portada del disco \u2018Sunshine\u2019, de Jungle.   \" height=\"1500\" width=\"1500\" \/> <\/p>\n<p><a href=\"https:\/\/elpais.com\/babelia\/2026-08-31\/los-12-discos-de-pop-y-rock-que-hay-que-escuchar-hoy-agosto-2026.html\" target=\"_blank\">Seguir leyendo<\/a><\/p>\n<p>\u00a0Seguir leyendo\u00a0\u00a0\u00a0EL PA\u00cdS<\/p>","protected":false},"excerpt":{"rendered":"<p>Seguir leyendo \u00a0Seguir leyendo\u00a0\u00a0\u00a0EL PA\u00cdS<\/p>\n","protected":false},"author":1,"featured_media":78965,"comment_status":"","ping_status":"","sticky":false,"template":"","format":"standard","meta":{"sb_editor_width":"","footnotes":""},"categories":[16],"tags":[],"class_list":["post-78964","post","type-post","status-publish","format-standard","has-post-thumbnail","hentry","category-musica"],"relative_dates":{"created":"1 d\u00eda ago","modified":"1 d\u00eda ago"},"yoast_head":"<!-- This site is optimized with the Yoast SEO plugin v28.3 - https:\/\/yoast.com\/product\/yoast-seo-wordpress\/ -->\n<title>Los 12 discos de pop y rock que hay que escuchar hoy (agosto 2026) - Perspectiva Literaria | Desde el punto de vista del arte<\/title>\n<meta name=\"robots\" content=\"index, follow, max-snippet:-1, max-image-preview:large, max-video-preview:-1\" \/>\n<link rel=\"canonical\" href=\"https:\/\/perspectivaliteraria.com\/index.php\/2026\/08\/31\/los-12-discos-de-pop-y-rock-que-hay-que-escuchar-hoy-agosto-2026\/\" \/>\n<meta property=\"og:locale\" content=\"es_ES\" \/>\n<meta property=\"og:type\" content=\"article\" \/>\n<meta property=\"og:title\" content=\"Los 12 discos de pop y rock que hay que escuchar hoy (agosto 2026) - Perspectiva Literaria | Desde el punto de vista del arte\" \/>\n<meta property=\"og:description\" content=\"Seguir leyendo \u00a0Seguir leyendo\u00a0\u00a0\u00a0EL PA\u00cdS\" \/>\n<meta property=\"og:url\" content=\"https:\/\/perspectivaliteraria.com\/index.php\/2026\/08\/31\/los-12-discos-de-pop-y-rock-que-hay-que-escuchar-hoy-agosto-2026\/\" \/>\n<meta property=\"og:site_name\" content=\"Perspectiva Literaria | Desde el punto de vista del arte\" \/>\n<meta property=\"article:published_time\" content=\"2026-08-31T03:30:01+00:00\" \/>\n<meta property=\"og:image\" content=\"https:\/\/imagenes.elpais.com\/resizer\/v2\/A3BGFFPEUNBFNG4VKD4UTTNB4Y.webp?auth=60903802f0afc7f8d4a6a4f8f0ae4eb4687bbaa1f4be5ff4015cb08b0397caa6&amp;width=1500&amp;height=1500&amp;smart=true\" \/>\n<meta name=\"author\" content=\"info@perspectivaliteraria.com\" \/>\n<meta name=\"twitter:card\" content=\"summary_large_image\" \/>\n<meta name=\"twitter:label1\" content=\"Escrito por\" \/>\n\t<meta name=\"twitter:data1\" content=\"info@perspectivaliteraria.com\" \/>\n<script type=\"application\/ld+json\" class=\"yoast-schema-graph\">{\"@context\":\"https:\\\/\\\/schema.org\",\"@graph\":[{\"@type\":\"Article\",\"@id\":\"https:\\\/\\\/perspectivaliteraria.com\\\/index.php\\\/2026\\\/08\\\/31\\\/los-12-discos-de-pop-y-rock-que-hay-que-escuchar-hoy-agosto-2026\\\/#article\",\"isPartOf\":{\"@id\":\"https:\\\/\\\/perspectivaliteraria.com\\\/index.php\\\/2026\\\/08\\\/31\\\/los-12-discos-de-pop-y-rock-que-hay-que-escuchar-hoy-agosto-2026\\\/\"},\"author\":{\"name\":\"info@perspectivaliteraria.com\",\"@id\":\"https:\\\/\\\/perspectivaliteraria.com\\\/#\\\/schema\\\/person\\\/0d35c1e33827164611441f7cc84c8c64\"},\"headline\":\"Los 12 discos de pop y rock que hay que escuchar hoy (agosto 2026)\",\"datePublished\":\"2026-08-31T03:30:01+00:00\",\"mainEntityOfPage\":{\"@id\":\"https:\\\/\\\/perspectivaliteraria.com\\\/index.php\\\/2026\\\/08\\\/31\\\/los-12-discos-de-pop-y-rock-que-hay-que-escuchar-hoy-agosto-2026\\\/\"},\"wordCount\":19,\"publisher\":{\"@id\":\"https:\\\/\\\/perspectivaliteraria.com\\\/#organization\"},\"image\":{\"@id\":\"https:\\\/\\\/perspectivaliteraria.com\\\/index.php\\\/2026\\\/08\\\/31\\\/los-12-discos-de-pop-y-rock-que-hay-que-escuchar-hoy-agosto-2026\\\/#primaryimage\"},\"thumbnailUrl\":\"https:\\\/\\\/perspectivaliteraria.com\\\/wp-content\\\/uploads\\\/2026\\\/08\\\/K27ET7XGOVF23AFBOTRUWVL6DI-aALaAL-scaled.jpg\",\"articleSection\":[\"M\u00fasica\"],\"inLanguage\":\"es\"},{\"@type\":\"WebPage\",\"@id\":\"https:\\\/\\\/perspectivaliteraria.com\\\/index.php\\\/2026\\\/08\\\/31\\\/los-12-discos-de-pop-y-rock-que-hay-que-escuchar-hoy-agosto-2026\\\/\",\"url\":\"https:\\\/\\\/perspectivaliteraria.com\\\/index.php\\\/2026\\\/08\\\/31\\\/los-12-discos-de-pop-y-rock-que-hay-que-escuchar-hoy-agosto-2026\\\/\",\"name\":\"Los 12 discos de pop y rock que hay que escuchar hoy (agosto 2026) - Perspectiva Literaria | Desde el punto de vista del arte\",\"isPartOf\":{\"@id\":\"https:\\\/\\\/perspectivaliteraria.com\\\/#website\"},\"primaryImageOfPage\":{\"@id\":\"https:\\\/\\\/perspectivaliteraria.com\\\/index.php\\\/2026\\\/08\\\/31\\\/los-12-discos-de-pop-y-rock-que-hay-que-escuchar-hoy-agosto-2026\\\/#primaryimage\"},\"image\":{\"@id\":\"https:\\\/\\\/perspectivaliteraria.com\\\/index.php\\\/2026\\\/08\\\/31\\\/los-12-discos-de-pop-y-rock-que-hay-que-escuchar-hoy-agosto-2026\\\/#primaryimage\"},\"thumbnailUrl\":\"https:\\\/\\\/perspectivaliteraria.com\\\/wp-content\\\/uploads\\\/2026\\\/08\\\/K27ET7XGOVF23AFBOTRUWVL6DI-aALaAL-scaled.jpg\",\"datePublished\":\"2026-08-31T03:30:01+00:00\",\"breadcrumb\":{\"@id\":\"https:\\\/\\\/perspectivaliteraria.com\\\/index.php\\\/2026\\\/08\\\/31\\\/los-12-discos-de-pop-y-rock-que-hay-que-escuchar-hoy-agosto-2026\\\/#breadcrumb\"},\"inLanguage\":\"es\",\"potentialAction\":[{\"@type\":\"ReadAction\",\"target\":[\"https:\\\/\\\/perspectivaliteraria.com\\\/index.php\\\/2026\\\/08\\\/31\\\/los-12-discos-de-pop-y-rock-que-hay-que-escuchar-hoy-agosto-2026\\\/\"]}]},{\"@type\":\"ImageObject\",\"inLanguage\":\"es\",\"@id\":\"https:\\\/\\\/perspectivaliteraria.com\\\/index.php\\\/2026\\\/08\\\/31\\\/los-12-discos-de-pop-y-rock-que-hay-que-escuchar-hoy-agosto-2026\\\/#primaryimage\",\"url\":\"https:\\\/\\\/perspectivaliteraria.com\\\/wp-content\\\/uploads\\\/2026\\\/08\\\/K27ET7XGOVF23AFBOTRUWVL6DI-aALaAL-scaled.jpg\",\"contentUrl\":\"https:\\\/\\\/perspectivaliteraria.com\\\/wp-content\\\/uploads\\\/2026\\\/08\\\/K27ET7XGOVF23AFBOTRUWVL6DI-aALaAL-scaled.jpg\",\"width\":2560,\"height\":1707},{\"@type\":\"BreadcrumbList\",\"@id\":\"https:\\\/\\\/perspectivaliteraria.com\\\/index.php\\\/2026\\\/08\\\/31\\\/los-12-discos-de-pop-y-rock-que-hay-que-escuchar-hoy-agosto-2026\\\/#breadcrumb\",\"itemListElement\":[{\"@type\":\"ListItem\",\"position\":1,\"name\":\"Home\",\"item\":\"https:\\\/\\\/perspectivaliteraria.com\\\/\"},{\"@type\":\"ListItem\",\"position\":2,\"name\":\"Los 12 discos de pop y rock que hay que escuchar hoy (agosto 2026)\"}]},{\"@type\":\"WebSite\",\"@id\":\"https:\\\/\\\/perspectivaliteraria.com\\\/#website\",\"url\":\"https:\\\/\\\/perspectivaliteraria.com\\\/\",\"name\":\"Perspectiva Literaria | Desde el punto de vista del arte\",\"description\":\"Perspectiva Literaria es un peri\u00f3dico dedicado a todo lo relacionado con el mundo de la literatura. En sus p\u00e1ginas encontrar\u00e1s rese\u00f1as de libros, entrevistas a autores, noticias del sector editorial, art\u00edculos de opini\u00f3n y mucho m\u00e1s.\",\"publisher\":{\"@id\":\"https:\\\/\\\/perspectivaliteraria.com\\\/#organization\"},\"potentialAction\":[{\"@type\":\"SearchAction\",\"target\":{\"@type\":\"EntryPoint\",\"urlTemplate\":\"https:\\\/\\\/perspectivaliteraria.com\\\/?s={search_term_string}\"},\"query-input\":{\"@type\":\"PropertyValueSpecification\",\"valueRequired\":true,\"valueName\":\"search_term_string\"}}],\"inLanguage\":\"es\"},{\"@type\":\"Organization\",\"@id\":\"https:\\\/\\\/perspectivaliteraria.com\\\/#organization\",\"name\":\"Perspectiva Literaria | Desde el punto de vista del arte\",\"url\":\"https:\\\/\\\/perspectivaliteraria.com\\\/\",\"logo\":{\"@type\":\"ImageObject\",\"inLanguage\":\"es\",\"@id\":\"https:\\\/\\\/perspectivaliteraria.com\\\/#\\\/schema\\\/logo\\\/image\\\/\",\"url\":\"https:\\\/\\\/perspectivaliteraria.com\\\/wp-content\\\/uploads\\\/2025\\\/08\\\/cropped-cropped-23-PerspectivaLiteraria.webp\",\"contentUrl\":\"https:\\\/\\\/perspectivaliteraria.com\\\/wp-content\\\/uploads\\\/2025\\\/08\\\/cropped-cropped-23-PerspectivaLiteraria.webp\",\"width\":833,\"height\":145,\"caption\":\"Perspectiva Literaria | Desde el punto de vista del arte\"},\"image\":{\"@id\":\"https:\\\/\\\/perspectivaliteraria.com\\\/#\\\/schema\\\/logo\\\/image\\\/\"}},{\"@type\":\"Person\",\"@id\":\"https:\\\/\\\/perspectivaliteraria.com\\\/#\\\/schema\\\/person\\\/0d35c1e33827164611441f7cc84c8c64\",\"name\":\"info@perspectivaliteraria.com\",\"image\":{\"@type\":\"ImageObject\",\"inLanguage\":\"es\",\"@id\":\"https:\\\/\\\/secure.gravatar.com\\\/avatar\\\/1f374507b416a78544dcc9b350c64ddec2ebcdd6d216ca8d15e68682c3ee01ac?s=96&d=mm&r=g\",\"url\":\"https:\\\/\\\/secure.gravatar.com\\\/avatar\\\/1f374507b416a78544dcc9b350c64ddec2ebcdd6d216ca8d15e68682c3ee01ac?s=96&d=mm&r=g\",\"contentUrl\":\"https:\\\/\\\/secure.gravatar.com\\\/avatar\\\/1f374507b416a78544dcc9b350c64ddec2ebcdd6d216ca8d15e68682c3ee01ac?s=96&d=mm&r=g\",\"caption\":\"info@perspectivaliteraria.com\"},\"sameAs\":[\"http:\\\/\\\/perspectivaliteraria.com\"],\"url\":\"https:\\\/\\\/perspectivaliteraria.com\\\/index.php\\\/author\\\/infoperspectivaliteraria-com\\\/\"}]}<\/script>\n<!-- \/ Yoast SEO plugin. -->","yoast_head_json":{"title":"Los 12 discos de pop y rock que hay que escuchar hoy (agosto 2026) - Perspectiva Literaria | Desde el punto de vista del arte","robots":{"index":"index","follow":"follow","max-snippet":"max-snippet:-1","max-image-preview":"max-image-preview:large","max-video-preview":"max-video-preview:-1"},"canonical":"https:\/\/perspectivaliteraria.com\/index.php\/2026\/08\/31\/los-12-discos-de-pop-y-rock-que-hay-que-escuchar-hoy-agosto-2026\/","og_locale":"es_ES","og_type":"article","og_title":"Los 12 discos de pop y rock que hay que escuchar hoy (agosto 2026) - Perspectiva Literaria | Desde el punto de vista del arte","og_description":"Seguir leyendo \u00a0Seguir leyendo\u00a0\u00a0\u00a0EL PA\u00cdS","og_url":"https:\/\/perspectivaliteraria.com\/index.php\/2026\/08\/31\/los-12-discos-de-pop-y-rock-que-hay-que-escuchar-hoy-agosto-2026\/","og_site_name":"Perspectiva Literaria | Desde el punto de vista del arte","article_published_time":"2026-08-31T03:30:01+00:00","og_image":[{"url":"https:\/\/imagenes.elpais.com\/resizer\/v2\/A3BGFFPEUNBFNG4VKD4UTTNB4Y.webp?auth=60903802f0afc7f8d4a6a4f8f0ae4eb4687bbaa1f4be5ff4015cb08b0397caa6&amp;width=1500&amp;height=1500&amp;smart=true","type":"","width":"","height":""}],"author":"info@perspectivaliteraria.com","twitter_card":"summary_large_image","twitter_misc":{"Escrito por":"info@perspectivaliteraria.com"},"schema":{"@context":"https:\/\/schema.org","@graph":[{"@type":"Article","@id":"https:\/\/perspectivaliteraria.com\/index.php\/2026\/08\/31\/los-12-discos-de-pop-y-rock-que-hay-que-escuchar-hoy-agosto-2026\/#article","isPartOf":{"@id":"https:\/\/perspectivaliteraria.com\/index.php\/2026\/08\/31\/los-12-discos-de-pop-y-rock-que-hay-que-escuchar-hoy-agosto-2026\/"},"author":{"name":"info@perspectivaliteraria.com","@id":"https:\/\/perspectivaliteraria.com\/#\/schema\/person\/0d35c1e33827164611441f7cc84c8c64"},"headline":"Los 12 discos de pop y rock que hay que escuchar hoy (agosto 2026)","datePublished":"2026-08-31T03:30:01+00:00","mainEntityOfPage":{"@id":"https:\/\/perspectivaliteraria.com\/index.php\/2026\/08\/31\/los-12-discos-de-pop-y-rock-que-hay-que-escuchar-hoy-agosto-2026\/"},"wordCount":19,"publisher":{"@id":"https:\/\/perspectivaliteraria.com\/#organization"},"image":{"@id":"https:\/\/perspectivaliteraria.com\/index.php\/2026\/08\/31\/los-12-discos-de-pop-y-rock-que-hay-que-escuchar-hoy-agosto-2026\/#primaryimage"},"thumbnailUrl":"https:\/\/perspectivaliteraria.com\/wp-content\/uploads\/2026\/08\/K27ET7XGOVF23AFBOTRUWVL6DI-aALaAL-scaled.jpg","articleSection":["M\u00fasica"],"inLanguage":"es"},{"@type":"WebPage","@id":"https:\/\/perspectivaliteraria.com\/index.php\/2026\/08\/31\/los-12-discos-de-pop-y-rock-que-hay-que-escuchar-hoy-agosto-2026\/","url":"https:\/\/perspectivaliteraria.com\/index.php\/2026\/08\/31\/los-12-discos-de-pop-y-rock-que-hay-que-escuchar-hoy-agosto-2026\/","name":"Los 12 discos de pop y rock que hay que escuchar hoy (agosto 2026) - Perspectiva Literaria | Desde el punto de vista del arte","isPartOf":{"@id":"https:\/\/perspectivaliteraria.com\/#website"},"primaryImageOfPage":{"@id":"https:\/\/perspectivaliteraria.com\/index.php\/2026\/08\/31\/los-12-discos-de-pop-y-rock-que-hay-que-escuchar-hoy-agosto-2026\/#primaryimage"},"image":{"@id":"https:\/\/perspectivaliteraria.com\/index.php\/2026\/08\/31\/los-12-discos-de-pop-y-rock-que-hay-que-escuchar-hoy-agosto-2026\/#primaryimage"},"thumbnailUrl":"https:\/\/perspectivaliteraria.com\/wp-content\/uploads\/2026\/08\/K27ET7XGOVF23AFBOTRUWVL6DI-aALaAL-scaled.jpg","datePublished":"2026-08-31T03:30:01+00:00","breadcrumb":{"@id":"https:\/\/perspectivaliteraria.com\/index.php\/2026\/08\/31\/los-12-discos-de-pop-y-rock-que-hay-que-escuchar-hoy-agosto-2026\/#breadcrumb"},"inLanguage":"es","potentialAction":[{"@type":"ReadAction","target":["https:\/\/perspectivaliteraria.com\/index.php\/2026\/08\/31\/los-12-discos-de-pop-y-rock-que-hay-que-escuchar-hoy-agosto-2026\/"]}]},{"@type":"ImageObject","inLanguage":"es","@id":"https:\/\/perspectivaliteraria.com\/index.php\/2026\/08\/31\/los-12-discos-de-pop-y-rock-que-hay-que-escuchar-hoy-agosto-2026\/#primaryimage","url":"https:\/\/perspectivaliteraria.com\/wp-content\/uploads\/2026\/08\/K27ET7XGOVF23AFBOTRUWVL6DI-aALaAL-scaled.jpg","contentUrl":"https:\/\/perspectivaliteraria.com\/wp-content\/uploads\/2026\/08\/K27ET7XGOVF23AFBOTRUWVL6DI-aALaAL-scaled.jpg","width":2560,"height":1707},{"@type":"BreadcrumbList","@id":"https:\/\/perspectivaliteraria.com\/index.php\/2026\/08\/31\/los-12-discos-de-pop-y-rock-que-hay-que-escuchar-hoy-agosto-2026\/#breadcrumb","itemListElement":[{"@type":"ListItem","position":1,"name":"Home","item":"https:\/\/perspectivaliteraria.com\/"},{"@type":"ListItem","position":2,"name":"Los 12 discos de pop y rock que hay que escuchar hoy (agosto 2026)"}]},{"@type":"WebSite","@id":"https:\/\/perspectivaliteraria.com\/#website","url":"https:\/\/perspectivaliteraria.com\/","name":"Perspectiva Literaria | Desde el punto de vista del arte","description":"Perspectiva Literaria es un peri\u00f3dico dedicado a todo lo relacionado con el mundo de la literatura. En sus p\u00e1ginas encontrar\u00e1s rese\u00f1as de libros, entrevistas a autores, noticias del sector editorial, art\u00edculos de opini\u00f3n y mucho m\u00e1s.","publisher":{"@id":"https:\/\/perspectivaliteraria.com\/#organization"},"potentialAction":[{"@type":"SearchAction","target":{"@type":"EntryPoint","urlTemplate":"https:\/\/perspectivaliteraria.com\/?s={search_term_string}"},"query-input":{"@type":"PropertyValueSpecification","valueRequired":true,"valueName":"search_term_string"}}],"inLanguage":"es"},{"@type":"Organization","@id":"https:\/\/perspectivaliteraria.com\/#organization","name":"Perspectiva Literaria | Desde el punto de vista del arte","url":"https:\/\/perspectivaliteraria.com\/","logo":{"@type":"ImageObject","inLanguage":"es","@id":"https:\/\/perspectivaliteraria.com\/#\/schema\/logo\/image\/","url":"https:\/\/perspectivaliteraria.com\/wp-content\/uploads\/2025\/08\/cropped-cropped-23-PerspectivaLiteraria.webp","contentUrl":"https:\/\/perspectivaliteraria.com\/wp-content\/uploads\/2025\/08\/cropped-cropped-23-PerspectivaLiteraria.webp","width":833,"height":145,"caption":"Perspectiva Literaria | Desde el punto de vista del arte"},"image":{"@id":"https:\/\/perspectivaliteraria.com\/#\/schema\/logo\/image\/"}},{"@type":"Person","@id":"https:\/\/perspectivaliteraria.com\/#\/schema\/person\/0d35c1e33827164611441f7cc84c8c64","name":"info@perspectivaliteraria.com","image":{"@type":"ImageObject","inLanguage":"es","@id":"https:\/\/secure.gravatar.com\/avatar\/1f374507b416a78544dcc9b350c64ddec2ebcdd6d216ca8d15e68682c3ee01ac?s=96&d=mm&r=g","url":"https:\/\/secure.gravatar.com\/avatar\/1f374507b416a78544dcc9b350c64ddec2ebcdd6d216ca8d15e68682c3ee01ac?s=96&d=mm&r=g","contentUrl":"https:\/\/secure.gravatar.com\/avatar\/1f374507b416a78544dcc9b350c64ddec2ebcdd6d216ca8d15e68682c3ee01ac?s=96&d=mm&r=g","caption":"info@perspectivaliteraria.com"},"sameAs":["http:\/\/perspectivaliteraria.com"],"url":"https:\/\/perspectivaliteraria.com\/index.php\/author\/infoperspectivaliteraria-com\/"}]}},"_links":{"self":[{"href":"https:\/\/perspectivaliteraria.com\/index.php\/wp-json\/wp\/v2\/posts\/78964","targetHints":{"allow":["GET"]}}],"collection":[{"href":"https:\/\/perspectivaliteraria.com\/index.php\/wp-json\/wp\/v2\/posts"}],"about":[{"href":"https:\/\/perspectivaliteraria.com\/index.php\/wp-json\/wp\/v2\/types\/post"}],"author":[{"embeddable":true,"href":"https:\/\/perspectivaliteraria.com\/index.php\/wp-json\/wp\/v2\/users\/1"}],"replies":[{"embeddable":true,"href":"https:\/\/perspectivaliteraria.com\/index.php\/wp-json\/wp\/v2\/comments?post=78964"}],"version-history":[{"count":0,"href":"https:\/\/perspectivaliteraria.com\/index.php\/wp-json\/wp\/v2\/posts\/78964\/revisions"}],"wp:featuredmedia":[{"embeddable":true,"href":"https:\/\/perspectivaliteraria.com\/index.php\/wp-json\/wp\/v2\/media\/78965"}],"wp:attachment":[{"href":"https:\/\/perspectivaliteraria.com\/index.php\/wp-json\/wp\/v2\/media?parent=78964"}],"wp:term":[{"taxonomy":"category","embeddable":true,"href":"https:\/\/perspectivaliteraria.com\/index.php\/wp-json\/wp\/v2\/categories?post=78964"},{"taxonomy":"post_tag","embeddable":true,"href":"https:\/\/perspectivaliteraria.com\/index.php\/wp-json\/wp\/v2\/tags?post=78964"}],"curies":[{"name":"wp","href":"https:\/\/api.w.org\/{rel}","templated":true}]}}