{"id":79344,"date":"2026-09-05T06:00:00","date_gmt":"2026-09-05T04:00:00","guid":{"rendered":"https:\/\/perspectivaliteraria.com\/index.php\/2026\/09\/05\/julia-kornberg-escritora-los-argentinos-somos-proclives-a-la-distopia-por-la-realidad-que-vivimos\/"},"modified":"2026-09-05T06:00:00","modified_gmt":"2026-09-05T04:00:00","slug":"julia-kornberg-escritora-los-argentinos-somos-proclives-a-la-distopia-por-la-realidad-que-vivimos","status":"publish","type":"post","link":"https:\/\/perspectivaliteraria.com\/index.php\/2026\/09\/05\/julia-kornberg-escritora-los-argentinos-somos-proclives-a-la-distopia-por-la-realidad-que-vivimos\/","title":{"rendered":"Julia Kornberg, escritora: \u201cLos argentinos somos proclives a la distop\u00eda por la realidad que vivimos\u201d"},"content":{"rendered":"<p><a href=\"https:\/\/elpais.com\/babelia\/2026-08-04\/atomizado-berlin-la-novela-como-arte-de-hacer-estallar-futuros-probables.html\" target=\"_self\" rel=\"\" title=\"https:\/\/elpais.com\/babelia\/2026-08-04\/atomizado-berlin-la-novela-como-arte-de-hacer-estallar-futuros-probables.html\"><i>Atomizado Berl\u00edn<\/i><\/a>, la \u00f3pera prima de la escritora Julia Kornberg (Buenos Aires, 30 a\u00f1os), recorri\u00f3 un sinuoso camino antes de llegar este 2026 a las librer\u00edas de Argentina y de otros pa\u00edses de habla hispana. Naci\u00f3 en 2017 como un libro de cuentos, despu\u00e9s mud\u00f3 de piel para transformarse en una novela que vio la luz con el peque\u00f1o sello Club Hem y fue a partir de su traducci\u00f3n al ingl\u00e9s y la conquista del p\u00fablico estadounidense que ahora recupera su castellano rioplatense original con la edici\u00f3n de Anagrama. En los nueve a\u00f1os transcurridos desde entonces, el mundo en ruinas que retrata la distop\u00eda de Kornberg parece menos ficticio y m\u00e1s real. \u201cCreo que era una apuesta f\u00e1cil, porque si vos me dec\u00eds c\u00f3mo va a ser el futuro, yo te digo que va a haber una guerra, que nuestra vida va a ser un poco peor, las cosas van a ser un poco m\u00e1s caras y posiblemente vas a vivir en un lugar un poco m\u00e1s chiquito y tirado a menos\u201d, dice en el caf\u00e9 de Buenos Aires donde tiene lugar la entrevista con EL PA\u00cdS. <\/p>\n<p><a href=\"https:\/\/elpais.com\/argentina\/2026-09-05\/julia-kornberg-escritora-los-argentinos-somos-proclives-a-la-distopia-por-la-realidad-que-vivimos.html\" target=\"_blank\">Seguir leyendo<\/a><\/p>\n<p>\u00a0La autora de \u2018Atomizado Berl\u00edn\u2019 imagina el futuro de una generaci\u00f3n a partir de la historia de tres hermanos que se desv\u00edan del rumbo marcado\u00a0\u00a0<\/p>\n<p class=\"\"><a href=\"https:\/\/elpais.com\/babelia\/2026-08-04\/atomizado-berlin-la-novela-como-arte-de-hacer-estallar-futuros-probables.html\" target=\"_self\" rel=\"\" title=\"https:\/\/elpais.com\/babelia\/2026-08-04\/atomizado-berlin-la-novela-como-arte-de-hacer-estallar-futuros-probables.html\"><i>Atomizado Berl\u00edn<\/i><\/a>, la \u00f3pera prima de la escritora Julia Kornberg (Buenos Aires, 30 a\u00f1os), recorri\u00f3 un sinuoso camino antes de llegar este 2026 a las librer\u00edas de Argentina y de otros pa\u00edses de habla hispana. Naci\u00f3 en 2017 como un libro de cuentos, despu\u00e9s mud\u00f3 de piel para transformarse en una novela que vio la luz con el peque\u00f1o sello Club Hem y fue a partir de su traducci\u00f3n al ingl\u00e9s y la conquista del p\u00fablico estadounidense que ahora recupera su castellano rioplatense original con la edici\u00f3n de Anagrama. En los nueve a\u00f1os transcurridos desde entonces, el mundo en ruinas que retrata la distop\u00eda de Kornberg parece menos ficticio y m\u00e1s real. \u201cCreo que era una apuesta f\u00e1cil, porque si vos me dec\u00eds c\u00f3mo va a ser el futuro, yo te digo que va a haber una guerra, que nuestra vida va a ser un poco peor, las cosas van a ser un poco m\u00e1s caras y posiblemente vas a vivir en un lugar un poco m\u00e1s chiquito y tirado a menos\u201d, dice en el caf\u00e9 de Buenos Aires donde tiene lugar la entrevista con EL PA\u00cdS. <\/p>\n<p class=\"\">Kornberg est\u00e1 de visita en su ciudad natal. Despu\u00e9s de estudiar en un colegio alem\u00e1n, siempre pens\u00f3 que en alg\u00fan momento emigrar\u00eda a ese pa\u00eds europeo, pero el deseo de rebelarse contra los planes paternos y una beca concedida por la Universidad de Princeton la llevaron, en cambio, a Nueva York. Kornberg se suma a la nutrida lista de autores argentinos que viven fuera del pa\u00eds, entre ellos: Samantha Schweblin, en Alemania; Ariadna Harwicz, en Francia; Pablo Maurette, en Italia; Mariana Enriquez, en Australia; Hern\u00e1n D\u00edaz, en Estados Unidos. <\/p>\n<p class=\"\"><b>Pregunta. <\/b>La idea de emigrar, como en su caso o en el de los hermanos Goldstein en la novela, est\u00e1 muy presente en Argentina. \u00bfCu\u00e1nto tiene de sue\u00f1o y de pesadilla?<\/p>\n<p class=\"\"><b>Respuesta.<\/b> Yo no me quer\u00eda ir, pero como a m\u00ed me gusta la literatura, y vivir de la literatura argentina es muy dif\u00edcil, vivir en Estados Unidos fue la soluci\u00f3n que encontr\u00e9 para poder dedicarle todo el tiempo posible. En los hermanos Goldstein, creo que la idea puede venir del presente en el que viven estos personajes, que hace que sea dif\u00edcil que Buenos Aires los desaf\u00ede lo suficiente, tiene que ver m\u00e1s con un deseo, y tambi\u00e9n con la cuesti\u00f3n jud\u00eda, de la di\u00e1spora, que est\u00e1 en el ADN de los hermanos y tiene que ver tambi\u00e9n con el t\u00edtulo.<\/p>\n<p class=\"\"><b>P.<\/b> \u00bfPor qu\u00e9?<\/p>\n<p class=\"\"><b>R.<\/b> Goldstein es un apellido jud\u00edo alem\u00e1n, y en mi cabeza los Goldstein son jud\u00edos alemanes. Entonces, Nina, al ir a Berl\u00edn, intenta regresar a otro momento de la historia familiar. En parte falla.<\/p>\n<p class=\"\"><b>P. <\/b>Al vivir fuera, \u00bfc\u00f3mo es su relaci\u00f3n literaria con Argentina?<\/p>\n<p class=\"\"><b>R.<\/b> Para m\u00ed la literatura argentina es un centro total. [Jorge Luis] Borges, el Mart\u00edn Fierro, Copi\u2026 son referentes. Pero estando fuera y siendo jud\u00eda, no me interesa escribir historias de gauchos. Siento que Borges, a las generaciones que vinieron despu\u00e9s de \u00e9l, nos dio la idea de que, al no tener una tradici\u00f3n gigantesca, como en Espa\u00f1a con <i>El Quijote<\/i> o en Italia con Dante, nos podemos relacionar con la literatura universal de una manera libre, juguetona e irreverente. <\/p>\n<p class=\"\"><b>P.<\/b> En la literatura argentina han aparecido bastantes distop\u00edas en los \u00faltimos a\u00f1os. \u00bfQu\u00e9 le atrajo del g\u00e9nero?<\/p>\n<p class=\"\"><b>R.<\/b> Creo que los argentinos somos muy proclives a la distop\u00eda posiblemente por la realidad que nos toc\u00f3 vivir. En 2001 ten\u00eda cinco a\u00f1os y no me pas\u00f3 nada porque mis pap\u00e1s son analistas y en Argentina, ser analista es medio <i>recession proof<\/i> (a prueba de recesiones), \u00bfno?, los ricos siempre van a necesitar que les laves la cabeza, pero s\u00ed fue un momento de mucha tensi\u00f3n en el pa\u00eds y desde que tengo conciencia pol\u00edtica, las cosas solo se pusieron peor. Y ahora ni hablar. Entonces qued\u00f3 esa idea de que el futuro no va a ser tanto un apocalipsis o gran estruendo sino un deterioro progresivo. Yo ten\u00eda 20 a\u00f1os, intentaba imaginar el futuro de mi generaci\u00f3n y ve\u00eda que mis amigos y yo, que queremos ser escritores, poetas, nos importaba la literatura en un mundo donde eso ya no es lo importante.<\/p>\n<figure class=\"a_m a_m-h\"><img fetchpriority=\"high\" decoding=\"async\" alt=\"\" class=\"_re lazyload a_m-h\" height=\"277\" srcset=\"https:\/\/imagenes.elpais.com\/resizer\/v2\/TLHWKLFKORFKTJU35FWVW4U5JI.jpg?auth=442a8bd4ce415af3f899468b55a2caf3f5a1a646c1a86d14d853cdbc6c9aa0d0&amp;width=414 414w, https:\/\/imagenes.elpais.com\/resizer\/v2\/TLHWKLFKORFKTJU35FWVW4U5JI.jpg?auth=442a8bd4ce415af3f899468b55a2caf3f5a1a646c1a86d14d853cdbc6c9aa0d0&amp;width=828 640w, https:\/\/imagenes.elpais.com\/resizer\/v2\/TLHWKLFKORFKTJU35FWVW4U5JI.jpg?auth=442a8bd4ce415af3f899468b55a2caf3f5a1a646c1a86d14d853cdbc6c9aa0d0&amp;width=980 1000w, https:\/\/imagenes.elpais.com\/resizer\/v2\/TLHWKLFKORFKTJU35FWVW4U5JI.jpg?auth=442a8bd4ce415af3f899468b55a2caf3f5a1a646c1a86d14d853cdbc6c9aa0d0&amp;width=1960 1960w\" width=\"414\" sizes=\"(min-width:1199px) 760px,(min-width:1001px) calc((100vw - 44px-11*31px)\/12*8+217), (min-width:767px) 767px, 100vw\" src=\"https:\/\/imagenes.elpais.com\/resizer\/v2\/TLHWKLFKORFKTJU35FWVW4U5JI.jpg?auth=442a8bd4ce415af3f899468b55a2caf3f5a1a646c1a86d14d853cdbc6c9aa0d0&amp;width=414\" \/><figcaption class=\"a_m_p\" aria-hidden=\"true\">La autora de &#8216;Atomizado Berl\u00edn&#8217; argentina en Buenos Aires.Mariana Eliano<\/figcaption><\/figure>\n<p class=\"\"><b>P.<\/b> \u00bfQu\u00e9 es lo importante hoy?<\/p>\n<p class=\"\"><b>R.<\/b> No lo s\u00e9, algo que debe estar pasando en el celular. <\/p>\n<p class=\"\"><b>P.<\/b> El libro, escrito en 2017, anticipa un clima b\u00e9lico que se ha vuelto mucho m\u00e1s real que entonces. \u00bfDe d\u00f3nde naci\u00f3 esa intuici\u00f3n?<\/p>\n<p class=\"\"><b>R.<\/b> Creo que tiene que ver con mi propio inter\u00e9s por la historia, por la segunda y la primera guerra mundial, y tambi\u00e9n que en ese momento estaba pensando mucho en la guerra de Israel de 2014, que fue la primera que vi de cerca y en la que me di cuenta que estaban pasando cosas siniestras. Pero creo que era una apuesta f\u00e1cil porque si vos me dec\u00eds c\u00f3mo va a ser el futuro, yo te digo que va a haber una guerra, que nuestra vida va a ser un poco peor, las cosas van a ser un poco m\u00e1s caras y posiblemente vas a vivir en un lugar un poco m\u00e1s chiquito y tirado a menos. <\/p>\n<p class=\"\"><b>P. <\/b>Pero no siempre fue as\u00ed. Hubo varias generaciones que vivieron mejor que las anteriores. <\/p>\n<p class=\"\"><b>R.<\/b> Eso no me toc\u00f3. Como nac\u00ed en el 96 estoy en medio de los millennials y los zoomers y el mensaje siempre fue que vamos a vivir peor que nuestros padres, creo que hay un libro de una espa\u00f1ola que se llama as\u00ed, <i>Vivir peor que nuestros padres<\/i> [de Azahara Palomeque]. Y en ese sentido imagin\u00e9 el futuro de los Goldstein, que ven\u00edan de un country (barrio cerrado), con padres adinerados, e iban a tener una vida m\u00e1s precaria. <\/p>\n<p class=\"\">**<\/p>\n<p class=\"\">La infancia y adolescencia de los protagonistas de <i>Atomizado Berl\u00edn<\/i> transcurre en <a href=\"https:\/\/elpais.com\/internacional\/2014\/12\/20\/actualidad\/1419113092_143703.html\" target=\"_self\" rel=\"\" title=\"https:\/\/elpais.com\/internacional\/2014\/12\/20\/actualidad\/1419113092_143703.html\">el barrio privado m\u00e1s conocido de Argentina, Nordelta<\/a>. Construido sobre un humedal de la planicie del delta del Paran\u00e1, unos 40 kil\u00f3metros al norte de Buenos Aires, se ha transformado en una ciudad con cerca de 45.000 residentes con poder adquisitivo alto. Hay vigilancia las 24 horas y nueve puntos de acceso en los que se registra cada entrada y salida. Los visitantes s\u00f3lo pueden ingresar con autorizaci\u00f3n. <\/p>\n<p class=\"\">**<\/p>\n<p class=\"\"><b>P.<\/b> \u00bfQu\u00e9 motiv\u00f3 la elecci\u00f3n de Nordelta?<\/p>\n<p class=\"\"><b>R.<\/b> Cuando escrib\u00ed la novela estaba estudiando mucha literatura argentina y pensando en el conflicto que hay entre el campo y la ciudad. Un d\u00eda estaba yendo a la fiesta de una amiga que vive en Nordelta y me dije: qu\u00e9 bizarro esto. El debate entre campo y ciudad, Nordelta lo resolvi\u00f3 de una manera muy particular, porque es una ciudad en mitad del campo, donde ten\u00e9s todos los aspectos de la ciudad sin ninguno de los escozores. Ten\u00e9s hospital, shopping, cancha de golf, colegio, amigos, pero no hay gente pobre o si la hay son los que trabajan, las empleadas dom\u00e9sticas, el jardinero, el piletero&#8230; Me interes\u00f3 esa respuesta que encontr\u00f3 una parte de la Argentina a la crisis de 2001, cuando los relatos sobre la ciudad eran que se hab\u00eda vuelto m\u00e1s tensa e insegura y Nordelta saca esas partes. Me interes\u00f3 jugar con ese espacio que no est\u00e1 no quiz\u00e1s tan transitado por la literatura argentina. <\/p>\n<figure class=\"a_m a_m-h\"><img decoding=\"async\" alt=\"\" class=\"_re lazyload a_m-h\" height=\"277\" srcset=\"https:\/\/imagenes.elpais.com\/resizer\/v2\/D5BIGHVARNB3BM46Z5TCTZETHM.jpg?auth=5e2a59354a9d7049c9f5e553cb313e17e23e1d376aed61c9df80bc594401b6fb&amp;width=414 414w, https:\/\/imagenes.elpais.com\/resizer\/v2\/D5BIGHVARNB3BM46Z5TCTZETHM.jpg?auth=5e2a59354a9d7049c9f5e553cb313e17e23e1d376aed61c9df80bc594401b6fb&amp;width=828 640w, https:\/\/imagenes.elpais.com\/resizer\/v2\/D5BIGHVARNB3BM46Z5TCTZETHM.jpg?auth=5e2a59354a9d7049c9f5e553cb313e17e23e1d376aed61c9df80bc594401b6fb&amp;width=980 1000w, https:\/\/imagenes.elpais.com\/resizer\/v2\/D5BIGHVARNB3BM46Z5TCTZETHM.jpg?auth=5e2a59354a9d7049c9f5e553cb313e17e23e1d376aed61c9df80bc594401b6fb&amp;width=1960 1960w\" width=\"414\" sizes=\"(min-width:1199px) 760px,(min-width:1001px) calc((100vw - 44px-11*31px)\/12*8+217), (min-width:767px) 767px, 100vw\" src=\"https:\/\/imagenes.elpais.com\/resizer\/v2\/D5BIGHVARNB3BM46Z5TCTZETHM.jpg?auth=5e2a59354a9d7049c9f5e553cb313e17e23e1d376aed61c9df80bc594401b6fb&amp;width=414\" \/><figcaption class=\"a_m_p\" aria-hidden=\"true\">Julia Kornberg.Mariana Eliano<\/figcaption><\/figure>\n<p class=\"\"><b>P.<\/b> Es cierto que no hay muchas novelas sobre los ricos argentinos. <\/p>\n<p class=\"\"><b>R. <\/b>Y es una pena, porque tenemos una clase aristocr\u00e1tica gracios\u00edsima. Mis pap\u00e1s atend\u00edan en ese momento en casa y yo siempre ve\u00eda a los pacientes y despu\u00e9s entre mis pap\u00e1s hablaban mucho de ellos. Entonces siento que desde muy chica mam\u00e9 esa psiquis y me divert\u00eda jugar con ella en <i>Atomizado<\/i>.<\/p>\n<p class=\"\"><b>P. <\/b>\u00bfC\u00f3mo es su rutina a la hora de escribir?<\/p>\n<p class=\"\"><b>R.<\/b> Depende much\u00edsimo. Cuando estoy muy metida en un proyecto, me despierto a las cinco de la ma\u00f1ana. Mi beb\u00e9 se despierta a las seis y media o siete y en esas horas cuando todav\u00eda est\u00e1 dormido es cuando m\u00e1s escribo. Y despu\u00e9s, el resto del d\u00eda, cuando tengo la suerte de tener a la ni\u00f1era o mi marido cuida a mi hijo, edito y hago cr\u00edtica literaria. <\/p>\n<p class=\"\"><b>P.<\/b> En su trabajo como cr\u00edtica literaria, \u00bfhay alguna tendencia que le llame la atenci\u00f3n de la literatura latinoamericana?<\/p>\n<p class=\"\"><b>R.<\/b> Me gusta mucho este g\u00e9nero que inaugur\u00f3 <a href=\"https:\/\/elpais.com\/babelia\/2023-10-28\/benjamin-labatut-la-revelacion-de-las-letras-latinoamericanas-que-exorciza-los-demonios-de-la-ciencia.html\" target=\"_self\" rel=\"\" title=\"https:\/\/elpais.com\/babelia\/2023-10-28\/benjamin-labatut-la-revelacion-de-las-letras-latinoamericanas-que-exorciza-los-demonios-de-la-ciencia.html\">Benjam\u00edn Labatut<\/a>, soy muy fan\u00e1tica, de una escritura <i>sebaldiana<\/i> a la que \u00e9l le encuentra una vuelta nueva y moderna. Creo que <a href=\"https:\/\/elpais.com\/argentina\/2026-01-13\/pablo-maurette-escritor-nos-gusta-creer-que-los-politicos-son-corruptos-pero-no-vienen-de-saturno.html\" target=\"_self\" rel=\"\" title=\"https:\/\/elpais.com\/argentina\/2026-01-13\/pablo-maurette-escritor-nos-gusta-creer-que-los-politicos-son-corruptos-pero-no-vienen-de-saturno.html\">la novela de Pablo Maurette [<i>El contrabando ejemplar<\/i>]<\/a> tambi\u00e9n tiene mucho de eso y tambi\u00e9n me gusta c\u00f3mo <a href=\"https:\/\/elpais.com\/mexico\/2024-01-01\/alvaro-enrigue-fuera-de-mexico-me-he-vuelto-mas-guadalupano.html\" target=\"_self\" rel=\"\" title=\"https:\/\/elpais.com\/mexico\/2024-01-01\/alvaro-enrigue-fuera-de-mexico-me-he-vuelto-mas-guadalupano.html\">\u00c1lvaro Enrigue<\/a>, que trabaja la novela hist\u00f3rica con una influencia sebaldiana pero m\u00e1s gaseosa, menos europea. <\/p>\n<p class=\"\"><b>P.<\/b> \u00bfC\u00f3mo es el v\u00ednculo entre el espa\u00f1ol y el ingl\u00e9s a la hora de escribir ficci\u00f3n?<\/p>\n<p class=\"\"><b>R.<\/b> Los borradores los escribo siempre en espa\u00f1ol, porque el espa\u00f1ol me da una libertad total, me permite explorar y jugar. <\/p>\n<p class=\"\"><b>P.<\/b> \u00bfQu\u00e9 puede adelantar de su pr\u00f3xima novela, <i>Las fiestas<\/i>? <\/p>\n<p class=\"\"><b>R. <\/b>Va sobre una guerrilla latinoamericana en Nueva York y sale el a\u00f1o que viene.<\/p>\n<p>\u00a0EL PA\u00cdS<\/p>","protected":false},"excerpt":{"rendered":"<p>Atomizado Berl\u00edn, la \u00f3pera prima de la escritora Julia Kornberg (Buenos Aires, 30 a\u00f1os), recorri\u00f3 un sinuoso camino antes de llegar este 2026 a las librer\u00edas de Argentina y de otros pa\u00edses de habla hispana. Naci\u00f3 en 2017 como un libro de cuentos, despu\u00e9s mud\u00f3 de piel para transformarse en una novela que vio la [&hellip;]<\/p>\n","protected":false},"author":1,"featured_media":79345,"comment_status":"","ping_status":"","sticky":false,"template":"","format":"standard","meta":{"sb_editor_width":"","footnotes":""},"categories":[11],"tags":[],"class_list":["post-79344","post","type-post","status-publish","format-standard","has-post-thumbnail","hentry","category-literatura"],"relative_dates":{"created":"1 d\u00eda ago","modified":"1 d\u00eda ago"},"yoast_head":"<!-- This site is optimized with the Yoast SEO plugin v28.4 - https:\/\/yoast.com\/product\/yoast-seo-wordpress\/ -->\n<title>Julia Kornberg, escritora: \u201cLos argentinos somos proclives a la distop\u00eda por la realidad que vivimos\u201d - Perspectiva Literaria | Desde el punto de vista del arte<\/title>\n<meta name=\"robots\" content=\"index, follow, max-snippet:-1, max-image-preview:large, max-video-preview:-1\" \/>\n<link rel=\"canonical\" href=\"https:\/\/perspectivaliteraria.com\/index.php\/2026\/09\/05\/julia-kornberg-escritora-los-argentinos-somos-proclives-a-la-distopia-por-la-realidad-que-vivimos\/\" \/>\n<meta property=\"og:locale\" content=\"es_ES\" \/>\n<meta property=\"og:type\" content=\"article\" \/>\n<meta property=\"og:title\" content=\"Julia Kornberg, escritora: \u201cLos argentinos somos proclives a la distop\u00eda por la realidad que vivimos\u201d - Perspectiva Literaria | Desde el punto de vista del arte\" \/>\n<meta property=\"og:description\" content=\"Atomizado Berl\u00edn, la \u00f3pera prima de la escritora Julia Kornberg (Buenos Aires, 30 a\u00f1os), recorri\u00f3 un sinuoso camino antes de llegar este 2026 a las librer\u00edas de Argentina y de otros pa\u00edses de habla hispana. Naci\u00f3 en 2017 como un libro de cuentos, despu\u00e9s mud\u00f3 de piel para transformarse en una novela que vio la [&hellip;]\" \/>\n<meta property=\"og:url\" content=\"https:\/\/perspectivaliteraria.com\/index.php\/2026\/09\/05\/julia-kornberg-escritora-los-argentinos-somos-proclives-a-la-distopia-por-la-realidad-que-vivimos\/\" \/>\n<meta property=\"og:site_name\" content=\"Perspectiva Literaria | Desde el punto de vista del arte\" \/>\n<meta property=\"article:published_time\" content=\"2026-09-05T04:00:00+00:00\" \/>\n<meta property=\"og:image\" content=\"https:\/\/imagenes.elpais.com\/resizer\/v2\/TLHWKLFKORFKTJU35FWVW4U5JI.jpg?auth=442a8bd4ce415af3f899468b55a2caf3f5a1a646c1a86d14d853cdbc6c9aa0d0&amp;width=414\" \/>\n<meta name=\"author\" content=\"info@perspectivaliteraria.com\" \/>\n<meta name=\"twitter:card\" content=\"summary_large_image\" \/>\n<meta name=\"twitter:label1\" content=\"Escrito por\" \/>\n\t<meta name=\"twitter:data1\" content=\"info@perspectivaliteraria.com\" \/>\n\t<meta name=\"twitter:label2\" content=\"Tiempo de lectura\" \/>\n\t<meta name=\"twitter:data2\" content=\"9 minutos\" \/>\n<script type=\"application\/ld+json\" class=\"yoast-schema-graph\">{\"@context\":\"https:\\\/\\\/schema.org\",\"@graph\":[{\"@type\":\"Article\",\"@id\":\"https:\\\/\\\/perspectivaliteraria.com\\\/index.php\\\/2026\\\/09\\\/05\\\/julia-kornberg-escritora-los-argentinos-somos-proclives-a-la-distopia-por-la-realidad-que-vivimos\\\/#article\",\"isPartOf\":{\"@id\":\"https:\\\/\\\/perspectivaliteraria.com\\\/index.php\\\/2026\\\/09\\\/05\\\/julia-kornberg-escritora-los-argentinos-somos-proclives-a-la-distopia-por-la-realidad-que-vivimos\\\/\"},\"author\":{\"name\":\"info@perspectivaliteraria.com\",\"@id\":\"https:\\\/\\\/perspectivaliteraria.com\\\/#\\\/schema\\\/person\\\/0d35c1e33827164611441f7cc84c8c64\"},\"headline\":\"Julia Kornberg, escritora: \u201cLos argentinos somos proclives a la distop\u00eda por la realidad que vivimos\u201d\",\"datePublished\":\"2026-09-05T04:00:00+00:00\",\"mainEntityOfPage\":{\"@id\":\"https:\\\/\\\/perspectivaliteraria.com\\\/index.php\\\/2026\\\/09\\\/05\\\/julia-kornberg-escritora-los-argentinos-somos-proclives-a-la-distopia-por-la-realidad-que-vivimos\\\/\"},\"wordCount\":1873,\"publisher\":{\"@id\":\"https:\\\/\\\/perspectivaliteraria.com\\\/#organization\"},\"image\":{\"@id\":\"https:\\\/\\\/perspectivaliteraria.com\\\/index.php\\\/2026\\\/09\\\/05\\\/julia-kornberg-escritora-los-argentinos-somos-proclives-a-la-distopia-por-la-realidad-que-vivimos\\\/#primaryimage\"},\"thumbnailUrl\":\"https:\\\/\\\/perspectivaliteraria.com\\\/wp-content\\\/uploads\\\/2026\\\/09\\\/2IMRMGQ3BVHFTO5MLSPQKRFVAI-6j7tds-scaled.jpg\",\"articleSection\":[\"Literatura\"],\"inLanguage\":\"es\"},{\"@type\":\"WebPage\",\"@id\":\"https:\\\/\\\/perspectivaliteraria.com\\\/index.php\\\/2026\\\/09\\\/05\\\/julia-kornberg-escritora-los-argentinos-somos-proclives-a-la-distopia-por-la-realidad-que-vivimos\\\/\",\"url\":\"https:\\\/\\\/perspectivaliteraria.com\\\/index.php\\\/2026\\\/09\\\/05\\\/julia-kornberg-escritora-los-argentinos-somos-proclives-a-la-distopia-por-la-realidad-que-vivimos\\\/\",\"name\":\"Julia Kornberg, escritora: \u201cLos argentinos somos proclives a la distop\u00eda por la realidad que vivimos\u201d - Perspectiva Literaria | Desde el punto de vista del arte\",\"isPartOf\":{\"@id\":\"https:\\\/\\\/perspectivaliteraria.com\\\/#website\"},\"primaryImageOfPage\":{\"@id\":\"https:\\\/\\\/perspectivaliteraria.com\\\/index.php\\\/2026\\\/09\\\/05\\\/julia-kornberg-escritora-los-argentinos-somos-proclives-a-la-distopia-por-la-realidad-que-vivimos\\\/#primaryimage\"},\"image\":{\"@id\":\"https:\\\/\\\/perspectivaliteraria.com\\\/index.php\\\/2026\\\/09\\\/05\\\/julia-kornberg-escritora-los-argentinos-somos-proclives-a-la-distopia-por-la-realidad-que-vivimos\\\/#primaryimage\"},\"thumbnailUrl\":\"https:\\\/\\\/perspectivaliteraria.com\\\/wp-content\\\/uploads\\\/2026\\\/09\\\/2IMRMGQ3BVHFTO5MLSPQKRFVAI-6j7tds-scaled.jpg\",\"datePublished\":\"2026-09-05T04:00:00+00:00\",\"breadcrumb\":{\"@id\":\"https:\\\/\\\/perspectivaliteraria.com\\\/index.php\\\/2026\\\/09\\\/05\\\/julia-kornberg-escritora-los-argentinos-somos-proclives-a-la-distopia-por-la-realidad-que-vivimos\\\/#breadcrumb\"},\"inLanguage\":\"es\",\"potentialAction\":[{\"@type\":\"ReadAction\",\"target\":[\"https:\\\/\\\/perspectivaliteraria.com\\\/index.php\\\/2026\\\/09\\\/05\\\/julia-kornberg-escritora-los-argentinos-somos-proclives-a-la-distopia-por-la-realidad-que-vivimos\\\/\"]}]},{\"@type\":\"ImageObject\",\"inLanguage\":\"es\",\"@id\":\"https:\\\/\\\/perspectivaliteraria.com\\\/index.php\\\/2026\\\/09\\\/05\\\/julia-kornberg-escritora-los-argentinos-somos-proclives-a-la-distopia-por-la-realidad-que-vivimos\\\/#primaryimage\",\"url\":\"https:\\\/\\\/perspectivaliteraria.com\\\/wp-content\\\/uploads\\\/2026\\\/09\\\/2IMRMGQ3BVHFTO5MLSPQKRFVAI-6j7tds-scaled.jpg\",\"contentUrl\":\"https:\\\/\\\/perspectivaliteraria.com\\\/wp-content\\\/uploads\\\/2026\\\/09\\\/2IMRMGQ3BVHFTO5MLSPQKRFVAI-6j7tds-scaled.jpg\",\"width\":2560,\"height\":1440},{\"@type\":\"BreadcrumbList\",\"@id\":\"https:\\\/\\\/perspectivaliteraria.com\\\/index.php\\\/2026\\\/09\\\/05\\\/julia-kornberg-escritora-los-argentinos-somos-proclives-a-la-distopia-por-la-realidad-que-vivimos\\\/#breadcrumb\",\"itemListElement\":[{\"@type\":\"ListItem\",\"position\":1,\"name\":\"Home\",\"item\":\"https:\\\/\\\/perspectivaliteraria.com\\\/\"},{\"@type\":\"ListItem\",\"position\":2,\"name\":\"Julia Kornberg, escritora: \u201cLos argentinos somos proclives a la distop\u00eda por la realidad que vivimos\u201d\"}]},{\"@type\":\"WebSite\",\"@id\":\"https:\\\/\\\/perspectivaliteraria.com\\\/#website\",\"url\":\"https:\\\/\\\/perspectivaliteraria.com\\\/\",\"name\":\"Perspectiva Literaria | Desde el punto de vista del arte\",\"description\":\"Perspectiva Literaria es un peri\u00f3dico dedicado a todo lo relacionado con el mundo de la literatura. En sus p\u00e1ginas encontrar\u00e1s rese\u00f1as de libros, entrevistas a autores, noticias del sector editorial, art\u00edculos de opini\u00f3n y mucho m\u00e1s.\",\"publisher\":{\"@id\":\"https:\\\/\\\/perspectivaliteraria.com\\\/#organization\"},\"potentialAction\":[{\"@type\":\"SearchAction\",\"target\":{\"@type\":\"EntryPoint\",\"urlTemplate\":\"https:\\\/\\\/perspectivaliteraria.com\\\/?s={search_term_string}\"},\"query-input\":{\"@type\":\"PropertyValueSpecification\",\"valueRequired\":true,\"valueName\":\"search_term_string\"}}],\"inLanguage\":\"es\"},{\"@type\":\"Organization\",\"@id\":\"https:\\\/\\\/perspectivaliteraria.com\\\/#organization\",\"name\":\"Perspectiva Literaria | Desde el punto de vista del arte\",\"url\":\"https:\\\/\\\/perspectivaliteraria.com\\\/\",\"logo\":{\"@type\":\"ImageObject\",\"inLanguage\":\"es\",\"@id\":\"https:\\\/\\\/perspectivaliteraria.com\\\/#\\\/schema\\\/logo\\\/image\\\/\",\"url\":\"https:\\\/\\\/perspectivaliteraria.com\\\/wp-content\\\/uploads\\\/2025\\\/08\\\/cropped-cropped-23-PerspectivaLiteraria.webp\",\"contentUrl\":\"https:\\\/\\\/perspectivaliteraria.com\\\/wp-content\\\/uploads\\\/2025\\\/08\\\/cropped-cropped-23-PerspectivaLiteraria.webp\",\"width\":833,\"height\":145,\"caption\":\"Perspectiva Literaria | Desde el punto de vista del arte\"},\"image\":{\"@id\":\"https:\\\/\\\/perspectivaliteraria.com\\\/#\\\/schema\\\/logo\\\/image\\\/\"}},{\"@type\":\"Person\",\"@id\":\"https:\\\/\\\/perspectivaliteraria.com\\\/#\\\/schema\\\/person\\\/0d35c1e33827164611441f7cc84c8c64\",\"name\":\"info@perspectivaliteraria.com\",\"image\":{\"@type\":\"ImageObject\",\"inLanguage\":\"es\",\"@id\":\"https:\\\/\\\/secure.gravatar.com\\\/avatar\\\/1f374507b416a78544dcc9b350c64ddec2ebcdd6d216ca8d15e68682c3ee01ac?s=96&d=mm&r=g\",\"url\":\"https:\\\/\\\/secure.gravatar.com\\\/avatar\\\/1f374507b416a78544dcc9b350c64ddec2ebcdd6d216ca8d15e68682c3ee01ac?s=96&d=mm&r=g\",\"contentUrl\":\"https:\\\/\\\/secure.gravatar.com\\\/avatar\\\/1f374507b416a78544dcc9b350c64ddec2ebcdd6d216ca8d15e68682c3ee01ac?s=96&d=mm&r=g\",\"caption\":\"info@perspectivaliteraria.com\"},\"sameAs\":[\"http:\\\/\\\/perspectivaliteraria.com\"],\"url\":\"https:\\\/\\\/perspectivaliteraria.com\\\/index.php\\\/author\\\/infoperspectivaliteraria-com\\\/\"}]}<\/script>\n<!-- \/ Yoast SEO plugin. -->","yoast_head_json":{"title":"Julia Kornberg, escritora: \u201cLos argentinos somos proclives a la distop\u00eda por la realidad que vivimos\u201d - Perspectiva Literaria | Desde el punto de vista del arte","robots":{"index":"index","follow":"follow","max-snippet":"max-snippet:-1","max-image-preview":"max-image-preview:large","max-video-preview":"max-video-preview:-1"},"canonical":"https:\/\/perspectivaliteraria.com\/index.php\/2026\/09\/05\/julia-kornberg-escritora-los-argentinos-somos-proclives-a-la-distopia-por-la-realidad-que-vivimos\/","og_locale":"es_ES","og_type":"article","og_title":"Julia Kornberg, escritora: \u201cLos argentinos somos proclives a la distop\u00eda por la realidad que vivimos\u201d - Perspectiva Literaria | Desde el punto de vista del arte","og_description":"Atomizado Berl\u00edn, la \u00f3pera prima de la escritora Julia Kornberg (Buenos Aires, 30 a\u00f1os), recorri\u00f3 un sinuoso camino antes de llegar este 2026 a las librer\u00edas de Argentina y de otros pa\u00edses de habla hispana. Naci\u00f3 en 2017 como un libro de cuentos, despu\u00e9s mud\u00f3 de piel para transformarse en una novela que vio la [&hellip;]","og_url":"https:\/\/perspectivaliteraria.com\/index.php\/2026\/09\/05\/julia-kornberg-escritora-los-argentinos-somos-proclives-a-la-distopia-por-la-realidad-que-vivimos\/","og_site_name":"Perspectiva Literaria | Desde el punto de vista del arte","article_published_time":"2026-09-05T04:00:00+00:00","og_image":[{"url":"https:\/\/imagenes.elpais.com\/resizer\/v2\/TLHWKLFKORFKTJU35FWVW4U5JI.jpg?auth=442a8bd4ce415af3f899468b55a2caf3f5a1a646c1a86d14d853cdbc6c9aa0d0&amp;width=414","type":"","width":"","height":""}],"author":"info@perspectivaliteraria.com","twitter_card":"summary_large_image","twitter_misc":{"Escrito por":"info@perspectivaliteraria.com","Tiempo de lectura":"9 minutos"},"schema":{"@context":"https:\/\/schema.org","@graph":[{"@type":"Article","@id":"https:\/\/perspectivaliteraria.com\/index.php\/2026\/09\/05\/julia-kornberg-escritora-los-argentinos-somos-proclives-a-la-distopia-por-la-realidad-que-vivimos\/#article","isPartOf":{"@id":"https:\/\/perspectivaliteraria.com\/index.php\/2026\/09\/05\/julia-kornberg-escritora-los-argentinos-somos-proclives-a-la-distopia-por-la-realidad-que-vivimos\/"},"author":{"name":"info@perspectivaliteraria.com","@id":"https:\/\/perspectivaliteraria.com\/#\/schema\/person\/0d35c1e33827164611441f7cc84c8c64"},"headline":"Julia Kornberg, escritora: \u201cLos argentinos somos proclives a la distop\u00eda por la realidad que vivimos\u201d","datePublished":"2026-09-05T04:00:00+00:00","mainEntityOfPage":{"@id":"https:\/\/perspectivaliteraria.com\/index.php\/2026\/09\/05\/julia-kornberg-escritora-los-argentinos-somos-proclives-a-la-distopia-por-la-realidad-que-vivimos\/"},"wordCount":1873,"publisher":{"@id":"https:\/\/perspectivaliteraria.com\/#organization"},"image":{"@id":"https:\/\/perspectivaliteraria.com\/index.php\/2026\/09\/05\/julia-kornberg-escritora-los-argentinos-somos-proclives-a-la-distopia-por-la-realidad-que-vivimos\/#primaryimage"},"thumbnailUrl":"https:\/\/perspectivaliteraria.com\/wp-content\/uploads\/2026\/09\/2IMRMGQ3BVHFTO5MLSPQKRFVAI-6j7tds-scaled.jpg","articleSection":["Literatura"],"inLanguage":"es"},{"@type":"WebPage","@id":"https:\/\/perspectivaliteraria.com\/index.php\/2026\/09\/05\/julia-kornberg-escritora-los-argentinos-somos-proclives-a-la-distopia-por-la-realidad-que-vivimos\/","url":"https:\/\/perspectivaliteraria.com\/index.php\/2026\/09\/05\/julia-kornberg-escritora-los-argentinos-somos-proclives-a-la-distopia-por-la-realidad-que-vivimos\/","name":"Julia Kornberg, escritora: \u201cLos argentinos somos proclives a la distop\u00eda por la realidad que vivimos\u201d - Perspectiva Literaria | Desde el punto de vista del arte","isPartOf":{"@id":"https:\/\/perspectivaliteraria.com\/#website"},"primaryImageOfPage":{"@id":"https:\/\/perspectivaliteraria.com\/index.php\/2026\/09\/05\/julia-kornberg-escritora-los-argentinos-somos-proclives-a-la-distopia-por-la-realidad-que-vivimos\/#primaryimage"},"image":{"@id":"https:\/\/perspectivaliteraria.com\/index.php\/2026\/09\/05\/julia-kornberg-escritora-los-argentinos-somos-proclives-a-la-distopia-por-la-realidad-que-vivimos\/#primaryimage"},"thumbnailUrl":"https:\/\/perspectivaliteraria.com\/wp-content\/uploads\/2026\/09\/2IMRMGQ3BVHFTO5MLSPQKRFVAI-6j7tds-scaled.jpg","datePublished":"2026-09-05T04:00:00+00:00","breadcrumb":{"@id":"https:\/\/perspectivaliteraria.com\/index.php\/2026\/09\/05\/julia-kornberg-escritora-los-argentinos-somos-proclives-a-la-distopia-por-la-realidad-que-vivimos\/#breadcrumb"},"inLanguage":"es","potentialAction":[{"@type":"ReadAction","target":["https:\/\/perspectivaliteraria.com\/index.php\/2026\/09\/05\/julia-kornberg-escritora-los-argentinos-somos-proclives-a-la-distopia-por-la-realidad-que-vivimos\/"]}]},{"@type":"ImageObject","inLanguage":"es","@id":"https:\/\/perspectivaliteraria.com\/index.php\/2026\/09\/05\/julia-kornberg-escritora-los-argentinos-somos-proclives-a-la-distopia-por-la-realidad-que-vivimos\/#primaryimage","url":"https:\/\/perspectivaliteraria.com\/wp-content\/uploads\/2026\/09\/2IMRMGQ3BVHFTO5MLSPQKRFVAI-6j7tds-scaled.jpg","contentUrl":"https:\/\/perspectivaliteraria.com\/wp-content\/uploads\/2026\/09\/2IMRMGQ3BVHFTO5MLSPQKRFVAI-6j7tds-scaled.jpg","width":2560,"height":1440},{"@type":"BreadcrumbList","@id":"https:\/\/perspectivaliteraria.com\/index.php\/2026\/09\/05\/julia-kornberg-escritora-los-argentinos-somos-proclives-a-la-distopia-por-la-realidad-que-vivimos\/#breadcrumb","itemListElement":[{"@type":"ListItem","position":1,"name":"Home","item":"https:\/\/perspectivaliteraria.com\/"},{"@type":"ListItem","position":2,"name":"Julia Kornberg, escritora: \u201cLos argentinos somos proclives a la distop\u00eda por la realidad que vivimos\u201d"}]},{"@type":"WebSite","@id":"https:\/\/perspectivaliteraria.com\/#website","url":"https:\/\/perspectivaliteraria.com\/","name":"Perspectiva Literaria | Desde el punto de vista del arte","description":"Perspectiva Literaria es un peri\u00f3dico dedicado a todo lo relacionado con el mundo de la literatura. En sus p\u00e1ginas encontrar\u00e1s rese\u00f1as de libros, entrevistas a autores, noticias del sector editorial, art\u00edculos de opini\u00f3n y mucho m\u00e1s.","publisher":{"@id":"https:\/\/perspectivaliteraria.com\/#organization"},"potentialAction":[{"@type":"SearchAction","target":{"@type":"EntryPoint","urlTemplate":"https:\/\/perspectivaliteraria.com\/?s={search_term_string}"},"query-input":{"@type":"PropertyValueSpecification","valueRequired":true,"valueName":"search_term_string"}}],"inLanguage":"es"},{"@type":"Organization","@id":"https:\/\/perspectivaliteraria.com\/#organization","name":"Perspectiva Literaria | Desde el punto de vista del arte","url":"https:\/\/perspectivaliteraria.com\/","logo":{"@type":"ImageObject","inLanguage":"es","@id":"https:\/\/perspectivaliteraria.com\/#\/schema\/logo\/image\/","url":"https:\/\/perspectivaliteraria.com\/wp-content\/uploads\/2025\/08\/cropped-cropped-23-PerspectivaLiteraria.webp","contentUrl":"https:\/\/perspectivaliteraria.com\/wp-content\/uploads\/2025\/08\/cropped-cropped-23-PerspectivaLiteraria.webp","width":833,"height":145,"caption":"Perspectiva Literaria | Desde el punto de vista del arte"},"image":{"@id":"https:\/\/perspectivaliteraria.com\/#\/schema\/logo\/image\/"}},{"@type":"Person","@id":"https:\/\/perspectivaliteraria.com\/#\/schema\/person\/0d35c1e33827164611441f7cc84c8c64","name":"info@perspectivaliteraria.com","image":{"@type":"ImageObject","inLanguage":"es","@id":"https:\/\/secure.gravatar.com\/avatar\/1f374507b416a78544dcc9b350c64ddec2ebcdd6d216ca8d15e68682c3ee01ac?s=96&d=mm&r=g","url":"https:\/\/secure.gravatar.com\/avatar\/1f374507b416a78544dcc9b350c64ddec2ebcdd6d216ca8d15e68682c3ee01ac?s=96&d=mm&r=g","contentUrl":"https:\/\/secure.gravatar.com\/avatar\/1f374507b416a78544dcc9b350c64ddec2ebcdd6d216ca8d15e68682c3ee01ac?s=96&d=mm&r=g","caption":"info@perspectivaliteraria.com"},"sameAs":["http:\/\/perspectivaliteraria.com"],"url":"https:\/\/perspectivaliteraria.com\/index.php\/author\/infoperspectivaliteraria-com\/"}]}},"_links":{"self":[{"href":"https:\/\/perspectivaliteraria.com\/index.php\/wp-json\/wp\/v2\/posts\/79344","targetHints":{"allow":["GET"]}}],"collection":[{"href":"https:\/\/perspectivaliteraria.com\/index.php\/wp-json\/wp\/v2\/posts"}],"about":[{"href":"https:\/\/perspectivaliteraria.com\/index.php\/wp-json\/wp\/v2\/types\/post"}],"author":[{"embeddable":true,"href":"https:\/\/perspectivaliteraria.com\/index.php\/wp-json\/wp\/v2\/users\/1"}],"replies":[{"embeddable":true,"href":"https:\/\/perspectivaliteraria.com\/index.php\/wp-json\/wp\/v2\/comments?post=79344"}],"version-history":[{"count":0,"href":"https:\/\/perspectivaliteraria.com\/index.php\/wp-json\/wp\/v2\/posts\/79344\/revisions"}],"wp:featuredmedia":[{"embeddable":true,"href":"https:\/\/perspectivaliteraria.com\/index.php\/wp-json\/wp\/v2\/media\/79345"}],"wp:attachment":[{"href":"https:\/\/perspectivaliteraria.com\/index.php\/wp-json\/wp\/v2\/media?parent=79344"}],"wp:term":[{"taxonomy":"category","embeddable":true,"href":"https:\/\/perspectivaliteraria.com\/index.php\/wp-json\/wp\/v2\/categories?post=79344"},{"taxonomy":"post_tag","embeddable":true,"href":"https:\/\/perspectivaliteraria.com\/index.php\/wp-json\/wp\/v2\/tags?post=79344"}],"curies":[{"name":"wp","href":"https:\/\/api.w.org\/{rel}","templated":true}]}}