{"id":79471,"date":"2026-09-06T05:30:01","date_gmt":"2026-09-06T03:30:01","guid":{"rendered":"https:\/\/perspectivaliteraria.com\/index.php\/2026\/09\/06\/alicia-gimenez-bartlett-ahora-a-las-viejas-nos-pelotean-porque-tenemos-la-pasta\/"},"modified":"2026-09-06T05:30:01","modified_gmt":"2026-09-06T03:30:01","slug":"alicia-gimenez-bartlett-ahora-a-las-viejas-nos-pelotean-porque-tenemos-la-pasta","status":"publish","type":"post","link":"https:\/\/perspectivaliteraria.com\/index.php\/2026\/09\/06\/alicia-gimenez-bartlett-ahora-a-las-viejas-nos-pelotean-porque-tenemos-la-pasta\/","title":{"rendered":"Alicia Gim\u00e9nez Bartlett: \u201cAhora a las viejas nos pelotean porque tenemos la pasta\u201d"},"content":{"rendered":"<p>Quedamos para comer, un d\u00eda t\u00f3rrido de hace semanas, en el restaurante de un hotel caro de Barcelona que propone su editorial para optimizar el viaje. Un ambiente en las ant\u00edpodas del paisaje y el paisanaje del barrio de <a href=\"https:\/\/elpais.com\/espana\/catalunya\/2026-07-31\/cuatro-detenidos-y-siete-armas-de-fuego-intervenidas-por-un-tiroteo-sin-heridos-en-la-mina.html\" target=\"_self\" rel=\"\" title=\"https:\/\/elpais.com\/espana\/catalunya\/2026-07-31\/cuatro-detenidos-y-siete-armas-de-fuego-intervenidas-por-un-tiroteo-sin-heridos-en-la-mina.html\">La Mina<\/a>, en el que se desarrolla <i>Bajo el cielo infernal, <\/i>la novela que acaba de publicar y en la que la inspectora Petra Delicado<i>, <\/i>el personaje que cre\u00f3 hace 30 a\u00f1os, se deja el pellejo y las meninges para investigar el asesinato de un sacerdote jesuita dedicado a rehabilitar a j\u00f3venes descarriados<i>. <\/i>Tanta anticipaci\u00f3n tiene un motivo. <a href=\"https:\/\/elpais.com\/podcasts\/que-estas-leyendo\/2024-03-29\/podcast-alicia-gimenez-bartlett-en-las-entranas-del-crimen.html\" target=\"_self\" rel=\"\" title=\"https:\/\/elpais.com\/podcasts\/que-estas-leyendo\/2024-03-29\/podcast-alicia-gimenez-bartlett-en-las-entranas-del-crimen.html\">La autora<\/a> vive en el campo, en Vinaroz (Castell\u00f3n), y, sobre todo desde que enviud\u00f3, le cuesta salir de casa. Aun as\u00ed, ya puesta, se entrega a fondo a la charla y al posado para el fot\u00f3grafo. Divertida, mordaz y deslenguada, no logra, por mucho que lo intente, restar un \u00e1pice de profundidad a su discurso. <\/p>\n<p><a href=\"https:\/\/elpais.com\/cultura\/2026-09-06\/alicia-gimenez-bartlett-ahora-a-las-viejas-nos-pelotean-porque-tenemos-la-pasta.html\" target=\"_blank\">Seguir leyendo<\/a><\/p>\n<p>\u00a0La escritora, de 75 a\u00f1os, publica \u2018Bajo el cielo infernal\u2019,  nuevo caso de la saga de la inspectora Petra Delicado, personaje que cre\u00f3 hace 30 a\u00f1os. Ambas, autora y personaje, han enviudado y pasan el duelo cada una a su manera\u00a0\u00a0<\/p>\n<p>Quedamos para comer, un d\u00eda t\u00f3rrido de hace semanas, en el restaurante de un hotel caro de Barcelona que propone su editorial para optimizar el viaje. Un ambiente en las ant\u00edpodas del paisaje y el paisanaje del barrio de <a href=\"https:\/\/elpais.com\/espana\/catalunya\/2026-07-31\/cuatro-detenidos-y-siete-armas-de-fuego-intervenidas-por-un-tiroteo-sin-heridos-en-la-mina.html\" target=\"_self\" rel=\"\" title=\"https:\/\/elpais.com\/espana\/catalunya\/2026-07-31\/cuatro-detenidos-y-siete-armas-de-fuego-intervenidas-por-un-tiroteo-sin-heridos-en-la-mina.html\">La Mina<\/a>, en el que se desarrolla <i>Bajo el cielo infernal, <\/i>la novela que acaba de publicar y en la que la inspectora Petra Delicado<i>, <\/i>el personaje que cre\u00f3 hace 30 a\u00f1os, se deja el pellejo y las meninges para investigar el asesinato de un sacerdote jesuita dedicado a rehabilitar a j\u00f3venes descarriados<i>. <\/i>Tanta anticipaci\u00f3n tiene un motivo. <a href=\"https:\/\/elpais.com\/podcasts\/que-estas-leyendo\/2024-03-29\/podcast-alicia-gimenez-bartlett-en-las-entranas-del-crimen.html\" target=\"_self\" rel=\"\" title=\"https:\/\/elpais.com\/podcasts\/que-estas-leyendo\/2024-03-29\/podcast-alicia-gimenez-bartlett-en-las-entranas-del-crimen.html\">La autora<\/a> vive en el campo, en Vinaroz (Castell\u00f3n), y, sobre todo desde que enviud\u00f3, le cuesta salir de casa. Aun as\u00ed, ya puesta, se entrega a fondo a la charla y al posado para el fot\u00f3grafo. Divertida, mordaz y deslenguada, no logra, por mucho que lo intente, restar un \u00e1pice de profundidad a su discurso. <\/p>\n<p><a href=\"https:\/\/elpais.com\/cultura\/2026-09-06\/alicia-gimenez-bartlett-ahora-a-las-viejas-nos-pelotean-porque-tenemos-la-pasta.html\" target=\"_blank\">Seguir leyendo<\/a><\/p>\n<p>\u00a0EL PA\u00cdS<\/p>","protected":false},"excerpt":{"rendered":"<p>Quedamos para comer, un d\u00eda t\u00f3rrido de hace semanas, en el restaurante de un hotel caro de Barcelona que propone su editorial para optimizar el viaje. Un ambiente en las ant\u00edpodas del paisaje y el paisanaje del barrio de La Mina, en el que se desarrolla Bajo el cielo infernal, la novela que acaba de [&hellip;]<\/p>\n","protected":false},"author":1,"featured_media":79472,"comment_status":"","ping_status":"","sticky":false,"template":"","format":"standard","meta":{"sb_editor_width":"","footnotes":""},"categories":[11],"tags":[],"class_list":["post-79471","post","type-post","status-publish","format-standard","has-post-thumbnail","hentry","category-literatura"],"relative_dates":{"created":"5 horas ago","modified":"5 horas ago"},"yoast_head":"<!-- This site is optimized with the Yoast SEO plugin v28.4 - https:\/\/yoast.com\/product\/yoast-seo-wordpress\/ -->\n<title>Alicia Gim\u00e9nez Bartlett: \u201cAhora a las viejas nos pelotean porque tenemos la pasta\u201d - Perspectiva Literaria | Desde el punto de vista del arte<\/title>\n<meta name=\"robots\" content=\"index, follow, max-snippet:-1, max-image-preview:large, max-video-preview:-1\" \/>\n<link rel=\"canonical\" href=\"https:\/\/perspectivaliteraria.com\/index.php\/2026\/09\/06\/alicia-gimenez-bartlett-ahora-a-las-viejas-nos-pelotean-porque-tenemos-la-pasta\/\" \/>\n<meta property=\"og:locale\" content=\"es_ES\" \/>\n<meta property=\"og:type\" content=\"article\" \/>\n<meta property=\"og:title\" content=\"Alicia Gim\u00e9nez Bartlett: \u201cAhora a las viejas nos pelotean porque tenemos la pasta\u201d - Perspectiva Literaria | Desde el punto de vista del arte\" \/>\n<meta property=\"og:description\" content=\"Quedamos para comer, un d\u00eda t\u00f3rrido de hace semanas, en el restaurante de un hotel caro de Barcelona que propone su editorial para optimizar el viaje. Un ambiente en las ant\u00edpodas del paisaje y el paisanaje del barrio de La Mina, en el que se desarrolla Bajo el cielo infernal, la novela que acaba de [&hellip;]\" \/>\n<meta property=\"og:url\" content=\"https:\/\/perspectivaliteraria.com\/index.php\/2026\/09\/06\/alicia-gimenez-bartlett-ahora-a-las-viejas-nos-pelotean-porque-tenemos-la-pasta\/\" \/>\n<meta property=\"og:site_name\" content=\"Perspectiva Literaria | Desde el punto de vista del arte\" \/>\n<meta property=\"article:published_time\" content=\"2026-09-06T03:30:01+00:00\" \/>\n<meta name=\"author\" content=\"info@perspectivaliteraria.com\" \/>\n<meta name=\"twitter:card\" content=\"summary_large_image\" \/>\n<meta name=\"twitter:label1\" content=\"Escrito por\" \/>\n\t<meta name=\"twitter:data1\" content=\"info@perspectivaliteraria.com\" \/>\n\t<meta name=\"twitter:label2\" content=\"Tiempo de lectura\" \/>\n\t<meta name=\"twitter:data2\" content=\"2 minutos\" \/>\n<script type=\"application\/ld+json\" class=\"yoast-schema-graph\">{\"@context\":\"https:\\\/\\\/schema.org\",\"@graph\":[{\"@type\":\"Article\",\"@id\":\"https:\\\/\\\/perspectivaliteraria.com\\\/index.php\\\/2026\\\/09\\\/06\\\/alicia-gimenez-bartlett-ahora-a-las-viejas-nos-pelotean-porque-tenemos-la-pasta\\\/#article\",\"isPartOf\":{\"@id\":\"https:\\\/\\\/perspectivaliteraria.com\\\/index.php\\\/2026\\\/09\\\/06\\\/alicia-gimenez-bartlett-ahora-a-las-viejas-nos-pelotean-porque-tenemos-la-pasta\\\/\"},\"author\":{\"name\":\"info@perspectivaliteraria.com\",\"@id\":\"https:\\\/\\\/perspectivaliteraria.com\\\/#\\\/schema\\\/person\\\/0d35c1e33827164611441f7cc84c8c64\"},\"headline\":\"Alicia Gim\u00e9nez Bartlett: \u201cAhora a las viejas nos pelotean porque tenemos la pasta\u201d\",\"datePublished\":\"2026-09-06T03:30:01+00:00\",\"mainEntityOfPage\":{\"@id\":\"https:\\\/\\\/perspectivaliteraria.com\\\/index.php\\\/2026\\\/09\\\/06\\\/alicia-gimenez-bartlett-ahora-a-las-viejas-nos-pelotean-porque-tenemos-la-pasta\\\/\"},\"wordCount\":382,\"publisher\":{\"@id\":\"https:\\\/\\\/perspectivaliteraria.com\\\/#organization\"},\"image\":{\"@id\":\"https:\\\/\\\/perspectivaliteraria.com\\\/index.php\\\/2026\\\/09\\\/06\\\/alicia-gimenez-bartlett-ahora-a-las-viejas-nos-pelotean-porque-tenemos-la-pasta\\\/#primaryimage\"},\"thumbnailUrl\":\"https:\\\/\\\/perspectivaliteraria.com\\\/wp-content\\\/uploads\\\/2026\\\/09\\\/GFJHN63AL5BGRC44KCKDV2ITUY-bkvfig-scaled.jpg\",\"articleSection\":[\"Literatura\"],\"inLanguage\":\"es\"},{\"@type\":\"WebPage\",\"@id\":\"https:\\\/\\\/perspectivaliteraria.com\\\/index.php\\\/2026\\\/09\\\/06\\\/alicia-gimenez-bartlett-ahora-a-las-viejas-nos-pelotean-porque-tenemos-la-pasta\\\/\",\"url\":\"https:\\\/\\\/perspectivaliteraria.com\\\/index.php\\\/2026\\\/09\\\/06\\\/alicia-gimenez-bartlett-ahora-a-las-viejas-nos-pelotean-porque-tenemos-la-pasta\\\/\",\"name\":\"Alicia Gim\u00e9nez Bartlett: \u201cAhora a las viejas nos pelotean porque tenemos la pasta\u201d - Perspectiva Literaria | Desde el punto de vista del arte\",\"isPartOf\":{\"@id\":\"https:\\\/\\\/perspectivaliteraria.com\\\/#website\"},\"primaryImageOfPage\":{\"@id\":\"https:\\\/\\\/perspectivaliteraria.com\\\/index.php\\\/2026\\\/09\\\/06\\\/alicia-gimenez-bartlett-ahora-a-las-viejas-nos-pelotean-porque-tenemos-la-pasta\\\/#primaryimage\"},\"image\":{\"@id\":\"https:\\\/\\\/perspectivaliteraria.com\\\/index.php\\\/2026\\\/09\\\/06\\\/alicia-gimenez-bartlett-ahora-a-las-viejas-nos-pelotean-porque-tenemos-la-pasta\\\/#primaryimage\"},\"thumbnailUrl\":\"https:\\\/\\\/perspectivaliteraria.com\\\/wp-content\\\/uploads\\\/2026\\\/09\\\/GFJHN63AL5BGRC44KCKDV2ITUY-bkvfig-scaled.jpg\",\"datePublished\":\"2026-09-06T03:30:01+00:00\",\"breadcrumb\":{\"@id\":\"https:\\\/\\\/perspectivaliteraria.com\\\/index.php\\\/2026\\\/09\\\/06\\\/alicia-gimenez-bartlett-ahora-a-las-viejas-nos-pelotean-porque-tenemos-la-pasta\\\/#breadcrumb\"},\"inLanguage\":\"es\",\"potentialAction\":[{\"@type\":\"ReadAction\",\"target\":[\"https:\\\/\\\/perspectivaliteraria.com\\\/index.php\\\/2026\\\/09\\\/06\\\/alicia-gimenez-bartlett-ahora-a-las-viejas-nos-pelotean-porque-tenemos-la-pasta\\\/\"]}]},{\"@type\":\"ImageObject\",\"inLanguage\":\"es\",\"@id\":\"https:\\\/\\\/perspectivaliteraria.com\\\/index.php\\\/2026\\\/09\\\/06\\\/alicia-gimenez-bartlett-ahora-a-las-viejas-nos-pelotean-porque-tenemos-la-pasta\\\/#primaryimage\",\"url\":\"https:\\\/\\\/perspectivaliteraria.com\\\/wp-content\\\/uploads\\\/2026\\\/09\\\/GFJHN63AL5BGRC44KCKDV2ITUY-bkvfig-scaled.jpg\",\"contentUrl\":\"https:\\\/\\\/perspectivaliteraria.com\\\/wp-content\\\/uploads\\\/2026\\\/09\\\/GFJHN63AL5BGRC44KCKDV2ITUY-bkvfig-scaled.jpg\",\"width\":2560,\"height\":1632},{\"@type\":\"BreadcrumbList\",\"@id\":\"https:\\\/\\\/perspectivaliteraria.com\\\/index.php\\\/2026\\\/09\\\/06\\\/alicia-gimenez-bartlett-ahora-a-las-viejas-nos-pelotean-porque-tenemos-la-pasta\\\/#breadcrumb\",\"itemListElement\":[{\"@type\":\"ListItem\",\"position\":1,\"name\":\"Home\",\"item\":\"https:\\\/\\\/perspectivaliteraria.com\\\/\"},{\"@type\":\"ListItem\",\"position\":2,\"name\":\"Alicia Gim\u00e9nez Bartlett: \u201cAhora a las viejas nos pelotean porque tenemos la pasta\u201d\"}]},{\"@type\":\"WebSite\",\"@id\":\"https:\\\/\\\/perspectivaliteraria.com\\\/#website\",\"url\":\"https:\\\/\\\/perspectivaliteraria.com\\\/\",\"name\":\"Perspectiva Literaria | Desde el punto de vista del arte\",\"description\":\"Perspectiva Literaria es un peri\u00f3dico dedicado a todo lo relacionado con el mundo de la literatura. En sus p\u00e1ginas encontrar\u00e1s rese\u00f1as de libros, entrevistas a autores, noticias del sector editorial, art\u00edculos de opini\u00f3n y mucho m\u00e1s.\",\"publisher\":{\"@id\":\"https:\\\/\\\/perspectivaliteraria.com\\\/#organization\"},\"potentialAction\":[{\"@type\":\"SearchAction\",\"target\":{\"@type\":\"EntryPoint\",\"urlTemplate\":\"https:\\\/\\\/perspectivaliteraria.com\\\/?s={search_term_string}\"},\"query-input\":{\"@type\":\"PropertyValueSpecification\",\"valueRequired\":true,\"valueName\":\"search_term_string\"}}],\"inLanguage\":\"es\"},{\"@type\":\"Organization\",\"@id\":\"https:\\\/\\\/perspectivaliteraria.com\\\/#organization\",\"name\":\"Perspectiva Literaria | Desde el punto de vista del arte\",\"url\":\"https:\\\/\\\/perspectivaliteraria.com\\\/\",\"logo\":{\"@type\":\"ImageObject\",\"inLanguage\":\"es\",\"@id\":\"https:\\\/\\\/perspectivaliteraria.com\\\/#\\\/schema\\\/logo\\\/image\\\/\",\"url\":\"https:\\\/\\\/perspectivaliteraria.com\\\/wp-content\\\/uploads\\\/2025\\\/08\\\/cropped-cropped-23-PerspectivaLiteraria.webp\",\"contentUrl\":\"https:\\\/\\\/perspectivaliteraria.com\\\/wp-content\\\/uploads\\\/2025\\\/08\\\/cropped-cropped-23-PerspectivaLiteraria.webp\",\"width\":833,\"height\":145,\"caption\":\"Perspectiva Literaria | Desde el punto de vista del arte\"},\"image\":{\"@id\":\"https:\\\/\\\/perspectivaliteraria.com\\\/#\\\/schema\\\/logo\\\/image\\\/\"}},{\"@type\":\"Person\",\"@id\":\"https:\\\/\\\/perspectivaliteraria.com\\\/#\\\/schema\\\/person\\\/0d35c1e33827164611441f7cc84c8c64\",\"name\":\"info@perspectivaliteraria.com\",\"image\":{\"@type\":\"ImageObject\",\"inLanguage\":\"es\",\"@id\":\"https:\\\/\\\/secure.gravatar.com\\\/avatar\\\/1f374507b416a78544dcc9b350c64ddec2ebcdd6d216ca8d15e68682c3ee01ac?s=96&d=mm&r=g\",\"url\":\"https:\\\/\\\/secure.gravatar.com\\\/avatar\\\/1f374507b416a78544dcc9b350c64ddec2ebcdd6d216ca8d15e68682c3ee01ac?s=96&d=mm&r=g\",\"contentUrl\":\"https:\\\/\\\/secure.gravatar.com\\\/avatar\\\/1f374507b416a78544dcc9b350c64ddec2ebcdd6d216ca8d15e68682c3ee01ac?s=96&d=mm&r=g\",\"caption\":\"info@perspectivaliteraria.com\"},\"sameAs\":[\"http:\\\/\\\/perspectivaliteraria.com\"],\"url\":\"https:\\\/\\\/perspectivaliteraria.com\\\/index.php\\\/author\\\/infoperspectivaliteraria-com\\\/\"}]}<\/script>\n<!-- \/ Yoast SEO plugin. -->","yoast_head_json":{"title":"Alicia Gim\u00e9nez Bartlett: \u201cAhora a las viejas nos pelotean porque tenemos la pasta\u201d - Perspectiva Literaria | Desde el punto de vista del arte","robots":{"index":"index","follow":"follow","max-snippet":"max-snippet:-1","max-image-preview":"max-image-preview:large","max-video-preview":"max-video-preview:-1"},"canonical":"https:\/\/perspectivaliteraria.com\/index.php\/2026\/09\/06\/alicia-gimenez-bartlett-ahora-a-las-viejas-nos-pelotean-porque-tenemos-la-pasta\/","og_locale":"es_ES","og_type":"article","og_title":"Alicia Gim\u00e9nez Bartlett: \u201cAhora a las viejas nos pelotean porque tenemos la pasta\u201d - Perspectiva Literaria | Desde el punto de vista del arte","og_description":"Quedamos para comer, un d\u00eda t\u00f3rrido de hace semanas, en el restaurante de un hotel caro de Barcelona que propone su editorial para optimizar el viaje. Un ambiente en las ant\u00edpodas del paisaje y el paisanaje del barrio de La Mina, en el que se desarrolla Bajo el cielo infernal, la novela que acaba de [&hellip;]","og_url":"https:\/\/perspectivaliteraria.com\/index.php\/2026\/09\/06\/alicia-gimenez-bartlett-ahora-a-las-viejas-nos-pelotean-porque-tenemos-la-pasta\/","og_site_name":"Perspectiva Literaria | Desde el punto de vista del arte","article_published_time":"2026-09-06T03:30:01+00:00","author":"info@perspectivaliteraria.com","twitter_card":"summary_large_image","twitter_misc":{"Escrito por":"info@perspectivaliteraria.com","Tiempo de lectura":"2 minutos"},"schema":{"@context":"https:\/\/schema.org","@graph":[{"@type":"Article","@id":"https:\/\/perspectivaliteraria.com\/index.php\/2026\/09\/06\/alicia-gimenez-bartlett-ahora-a-las-viejas-nos-pelotean-porque-tenemos-la-pasta\/#article","isPartOf":{"@id":"https:\/\/perspectivaliteraria.com\/index.php\/2026\/09\/06\/alicia-gimenez-bartlett-ahora-a-las-viejas-nos-pelotean-porque-tenemos-la-pasta\/"},"author":{"name":"info@perspectivaliteraria.com","@id":"https:\/\/perspectivaliteraria.com\/#\/schema\/person\/0d35c1e33827164611441f7cc84c8c64"},"headline":"Alicia Gim\u00e9nez Bartlett: \u201cAhora a las viejas nos pelotean porque tenemos la pasta\u201d","datePublished":"2026-09-06T03:30:01+00:00","mainEntityOfPage":{"@id":"https:\/\/perspectivaliteraria.com\/index.php\/2026\/09\/06\/alicia-gimenez-bartlett-ahora-a-las-viejas-nos-pelotean-porque-tenemos-la-pasta\/"},"wordCount":382,"publisher":{"@id":"https:\/\/perspectivaliteraria.com\/#organization"},"image":{"@id":"https:\/\/perspectivaliteraria.com\/index.php\/2026\/09\/06\/alicia-gimenez-bartlett-ahora-a-las-viejas-nos-pelotean-porque-tenemos-la-pasta\/#primaryimage"},"thumbnailUrl":"https:\/\/perspectivaliteraria.com\/wp-content\/uploads\/2026\/09\/GFJHN63AL5BGRC44KCKDV2ITUY-bkvfig-scaled.jpg","articleSection":["Literatura"],"inLanguage":"es"},{"@type":"WebPage","@id":"https:\/\/perspectivaliteraria.com\/index.php\/2026\/09\/06\/alicia-gimenez-bartlett-ahora-a-las-viejas-nos-pelotean-porque-tenemos-la-pasta\/","url":"https:\/\/perspectivaliteraria.com\/index.php\/2026\/09\/06\/alicia-gimenez-bartlett-ahora-a-las-viejas-nos-pelotean-porque-tenemos-la-pasta\/","name":"Alicia Gim\u00e9nez Bartlett: \u201cAhora a las viejas nos pelotean porque tenemos la pasta\u201d - Perspectiva Literaria | Desde el punto de vista del arte","isPartOf":{"@id":"https:\/\/perspectivaliteraria.com\/#website"},"primaryImageOfPage":{"@id":"https:\/\/perspectivaliteraria.com\/index.php\/2026\/09\/06\/alicia-gimenez-bartlett-ahora-a-las-viejas-nos-pelotean-porque-tenemos-la-pasta\/#primaryimage"},"image":{"@id":"https:\/\/perspectivaliteraria.com\/index.php\/2026\/09\/06\/alicia-gimenez-bartlett-ahora-a-las-viejas-nos-pelotean-porque-tenemos-la-pasta\/#primaryimage"},"thumbnailUrl":"https:\/\/perspectivaliteraria.com\/wp-content\/uploads\/2026\/09\/GFJHN63AL5BGRC44KCKDV2ITUY-bkvfig-scaled.jpg","datePublished":"2026-09-06T03:30:01+00:00","breadcrumb":{"@id":"https:\/\/perspectivaliteraria.com\/index.php\/2026\/09\/06\/alicia-gimenez-bartlett-ahora-a-las-viejas-nos-pelotean-porque-tenemos-la-pasta\/#breadcrumb"},"inLanguage":"es","potentialAction":[{"@type":"ReadAction","target":["https:\/\/perspectivaliteraria.com\/index.php\/2026\/09\/06\/alicia-gimenez-bartlett-ahora-a-las-viejas-nos-pelotean-porque-tenemos-la-pasta\/"]}]},{"@type":"ImageObject","inLanguage":"es","@id":"https:\/\/perspectivaliteraria.com\/index.php\/2026\/09\/06\/alicia-gimenez-bartlett-ahora-a-las-viejas-nos-pelotean-porque-tenemos-la-pasta\/#primaryimage","url":"https:\/\/perspectivaliteraria.com\/wp-content\/uploads\/2026\/09\/GFJHN63AL5BGRC44KCKDV2ITUY-bkvfig-scaled.jpg","contentUrl":"https:\/\/perspectivaliteraria.com\/wp-content\/uploads\/2026\/09\/GFJHN63AL5BGRC44KCKDV2ITUY-bkvfig-scaled.jpg","width":2560,"height":1632},{"@type":"BreadcrumbList","@id":"https:\/\/perspectivaliteraria.com\/index.php\/2026\/09\/06\/alicia-gimenez-bartlett-ahora-a-las-viejas-nos-pelotean-porque-tenemos-la-pasta\/#breadcrumb","itemListElement":[{"@type":"ListItem","position":1,"name":"Home","item":"https:\/\/perspectivaliteraria.com\/"},{"@type":"ListItem","position":2,"name":"Alicia Gim\u00e9nez Bartlett: \u201cAhora a las viejas nos pelotean porque tenemos la pasta\u201d"}]},{"@type":"WebSite","@id":"https:\/\/perspectivaliteraria.com\/#website","url":"https:\/\/perspectivaliteraria.com\/","name":"Perspectiva Literaria | Desde el punto de vista del arte","description":"Perspectiva Literaria es un peri\u00f3dico dedicado a todo lo relacionado con el mundo de la literatura. En sus p\u00e1ginas encontrar\u00e1s rese\u00f1as de libros, entrevistas a autores, noticias del sector editorial, art\u00edculos de opini\u00f3n y mucho m\u00e1s.","publisher":{"@id":"https:\/\/perspectivaliteraria.com\/#organization"},"potentialAction":[{"@type":"SearchAction","target":{"@type":"EntryPoint","urlTemplate":"https:\/\/perspectivaliteraria.com\/?s={search_term_string}"},"query-input":{"@type":"PropertyValueSpecification","valueRequired":true,"valueName":"search_term_string"}}],"inLanguage":"es"},{"@type":"Organization","@id":"https:\/\/perspectivaliteraria.com\/#organization","name":"Perspectiva Literaria | Desde el punto de vista del arte","url":"https:\/\/perspectivaliteraria.com\/","logo":{"@type":"ImageObject","inLanguage":"es","@id":"https:\/\/perspectivaliteraria.com\/#\/schema\/logo\/image\/","url":"https:\/\/perspectivaliteraria.com\/wp-content\/uploads\/2025\/08\/cropped-cropped-23-PerspectivaLiteraria.webp","contentUrl":"https:\/\/perspectivaliteraria.com\/wp-content\/uploads\/2025\/08\/cropped-cropped-23-PerspectivaLiteraria.webp","width":833,"height":145,"caption":"Perspectiva Literaria | Desde el punto de vista del arte"},"image":{"@id":"https:\/\/perspectivaliteraria.com\/#\/schema\/logo\/image\/"}},{"@type":"Person","@id":"https:\/\/perspectivaliteraria.com\/#\/schema\/person\/0d35c1e33827164611441f7cc84c8c64","name":"info@perspectivaliteraria.com","image":{"@type":"ImageObject","inLanguage":"es","@id":"https:\/\/secure.gravatar.com\/avatar\/1f374507b416a78544dcc9b350c64ddec2ebcdd6d216ca8d15e68682c3ee01ac?s=96&d=mm&r=g","url":"https:\/\/secure.gravatar.com\/avatar\/1f374507b416a78544dcc9b350c64ddec2ebcdd6d216ca8d15e68682c3ee01ac?s=96&d=mm&r=g","contentUrl":"https:\/\/secure.gravatar.com\/avatar\/1f374507b416a78544dcc9b350c64ddec2ebcdd6d216ca8d15e68682c3ee01ac?s=96&d=mm&r=g","caption":"info@perspectivaliteraria.com"},"sameAs":["http:\/\/perspectivaliteraria.com"],"url":"https:\/\/perspectivaliteraria.com\/index.php\/author\/infoperspectivaliteraria-com\/"}]}},"_links":{"self":[{"href":"https:\/\/perspectivaliteraria.com\/index.php\/wp-json\/wp\/v2\/posts\/79471","targetHints":{"allow":["GET"]}}],"collection":[{"href":"https:\/\/perspectivaliteraria.com\/index.php\/wp-json\/wp\/v2\/posts"}],"about":[{"href":"https:\/\/perspectivaliteraria.com\/index.php\/wp-json\/wp\/v2\/types\/post"}],"author":[{"embeddable":true,"href":"https:\/\/perspectivaliteraria.com\/index.php\/wp-json\/wp\/v2\/users\/1"}],"replies":[{"embeddable":true,"href":"https:\/\/perspectivaliteraria.com\/index.php\/wp-json\/wp\/v2\/comments?post=79471"}],"version-history":[{"count":0,"href":"https:\/\/perspectivaliteraria.com\/index.php\/wp-json\/wp\/v2\/posts\/79471\/revisions"}],"wp:featuredmedia":[{"embeddable":true,"href":"https:\/\/perspectivaliteraria.com\/index.php\/wp-json\/wp\/v2\/media\/79472"}],"wp:attachment":[{"href":"https:\/\/perspectivaliteraria.com\/index.php\/wp-json\/wp\/v2\/media?parent=79471"}],"wp:term":[{"taxonomy":"category","embeddable":true,"href":"https:\/\/perspectivaliteraria.com\/index.php\/wp-json\/wp\/v2\/categories?post=79471"},{"taxonomy":"post_tag","embeddable":true,"href":"https:\/\/perspectivaliteraria.com\/index.php\/wp-json\/wp\/v2\/tags?post=79471"}],"curies":[{"name":"wp","href":"https:\/\/api.w.org\/{rel}","templated":true}]}}