{"id":79510,"date":"2026-09-06T09:45:36","date_gmt":"2026-09-06T07:45:36","guid":{"rendered":"https:\/\/perspectivaliteraria.com\/index.php\/2026\/09\/06\/ya-tiene-todos-los-premios-bad-bunny-gana-su-primer-emmy-gracias-a-la-super-bowl\/"},"modified":"2026-09-06T09:45:36","modified_gmt":"2026-09-06T07:45:36","slug":"ya-tiene-todos-los-premios-bad-bunny-gana-su-primer-emmy-gracias-a-la-super-bowl","status":"publish","type":"post","link":"https:\/\/perspectivaliteraria.com\/index.php\/2026\/09\/06\/ya-tiene-todos-los-premios-bad-bunny-gana-su-primer-emmy-gracias-a-la-super-bowl\/","title":{"rendered":"Ya tiene todos los premios: Bad Bunny gana su primer Emmy gracias a la Super Bowl"},"content":{"rendered":"<p>Ha sido su a\u00f1o, indiscutiblemente. Adem\u00e1s de lograr una gira inmensamente lucrativa y de abrir peri\u00f3dicos a su paso, <b>Bad Bunny fue el emblema del poder latino frente a Trump y obtuvo el Grammy al mejor disco del a\u00f1o.<\/b> Ahora, Benito ha ganado tambi\u00e9n su primer Emmy gracias al espect\u00e1culo de medio tiempo del Super Bowl, durante la ceremonia de entrega de los Creative Arts Emmys, en Los \u00c1ngeles, California, que se celebran antes de la gala televisada, prevista para el pr\u00f3ximo 14 de septiembre.<\/p>\n<p>El show, titulado &#8216;The Apple Music Super Bowl LX Halftime Show Starring Bad Bunny&#8217;, <b>contaba con nueve nominaciones,<\/b> incluida la del cantante puertorrique\u00f1o, de las cuales tambi\u00e9n se alz\u00f3 con direcci\u00f3n musical, coreograf\u00eda, mezcla de sonido, direcci\u00f3n t\u00e9cnica, dise\u00f1o de iluminaci\u00f3n y direcci\u00f3n de programa especial, <b>sumando un total de siete premios<\/b>.<\/p>\n<p>El pasado mes de julio, el espect\u00e1culo del artista boricua se convirti\u00f3 en el m\u00e1s nominado de la historia de estos premios, considerados los m\u00e1s importantes de la televisi\u00f3n, informa EFE. El brasile\u00f1o <b>Miguel Gandelman <\/b>se hizo con el galard\u00f3n a mejor direcci\u00f3n musical y <b>Charm La&#8217;Donna y Karina Ortiz <\/b>a la mejor coreograf\u00eda en la categor\u00eda de mejores programas de variedades.<\/p>\n<p>El episodio de Saturday Night Live presentado por el artista en octubre de 2025 tambi\u00e9n obtuvo el reconocimiento a mejor maquillaje en un programa de variedades, no ficci\u00f3n o &#8216;reality&#8217; en esta edici\u00f3n de los Emmy. En su comentado espect\u00e1culo del Super Bowl, en el que se enfrentaron los equipos de los Seattle Seahawks contra los New England Patriots, <b>Bad Bunny revindic\u00f3 que Am\u00e9rica es todo el continente, no solo Estados Unidos<\/b>.<\/p>\n<p>El cantante cerr\u00f3 su concierto al grito de<b> &#8216;\u00a1Dios bendiga a Am\u00e9rica!&#8217;, con un bal\u00f3n de f\u00fatbol americano que dec\u00eda &#8216;Together we&#8217;re America&#8217;<\/b> (&#8216;Juntos somos Am\u00e9rica&#8217;) y un desfile con las banderas y nombres de cada pa\u00eds del continente, desde Chile hasta Canad\u00e1. Un show que se ha convertido en el espect\u00e1culo de medio tiempo del Super Bowl m\u00e1s nominado de la historia, un r\u00e9cord que ostentaba desde 2017 Lady Gaga, que tambi\u00e9n fue nominada hoy a un Emmy, por la canci\u00f3n &#8216;The Dead Dance&#8217;, de la serie &#8216;Wednesday&#8217;.<\/p>\n<p>La cantante estadounidense fue una de las artistas invitadas al concierto de Bad Bunny en el Super Bowl, donde interpret\u00f3 una versi\u00f3n salsa de su tema con Bruno Mars &#8216;Die With A Smile&#8217; y bail\u00f3 junto al boricua el tema &#8216;Baile Inolvidable&#8217;. El puertorrique\u00f1o Ricky Martin tambi\u00e9n fue invitado al espect\u00e1culo para cantar una versi\u00f3n ac\u00fastica de la canci\u00f3n de Bad Bunny &#8216;Lo Que Le Pas\u00f3 a Haw\u00e1i&#8217;, <b>en la que compara la gentrificaci\u00f3n y el estatus colonial de Puerto Rico con la anexi\u00f3n de Haw\u00e1i por parte de Estados Unidos en el siglo XIX.<\/b><\/p>\n<p>El anuncio de las nominaciones estuvo a cargo de la actriz Liza Col\u00f3n-Zayaes, de ascendencia puertorrique\u00f1a y conocida especialmente por la serie &#8216;The Bear&#8217;, y el actor y c\u00f3mico estadounidense Jeff Hiller. La ceremonia de entrega de los premios se celebrar\u00e1 el 14 de septiembre en el Teatro Peacock de Los \u00c1ngeles y ser\u00e1 transmitida por la cadena estadounidense NBC<\/p>\n<p>\u00a0El show, titulado &#8216;The Apple Music Super Bowl LX Halftime Show Starring Bad Bunny&#8217;, contaba con nueve nominaciones, incluida la del cantante puertorrique\u00f1o, direcci\u00f3n musical, coreograf\u00eda, mezcla de sonido y direcci\u00f3n t\u00e9cnica\u00a0\u00a0M\u00fasica, Cultura, Home La Raz\u00f3n\u00a0Noticias sobre M\u00fasica en La Raz\u00f3n<\/p>","protected":false},"excerpt":{"rendered":"<p>Ha sido su a\u00f1o, indiscutiblemente. Adem\u00e1s de lograr una gira inmensamente lucrativa y de abrir peri\u00f3dicos a su paso, Bad Bunny fue el emblema del poder latino frente a Trump y obtuvo el Grammy al mejor disco del a\u00f1o. Ahora, Benito ha ganado tambi\u00e9n su primer Emmy gracias al espect\u00e1culo de medio tiempo del Super [&hellip;]<\/p>\n","protected":false},"author":1,"featured_media":79511,"comment_status":"","ping_status":"","sticky":false,"template":"","format":"standard","meta":{"sb_editor_width":"","footnotes":""},"categories":[16],"tags":[],"class_list":["post-79510","post","type-post","status-publish","format-standard","has-post-thumbnail","hentry","category-musica"],"relative_dates":{"created":"42 minutos ago","modified":"42 minutos ago"},"yoast_head":"<!-- This site is optimized with the Yoast SEO plugin v28.4 - https:\/\/yoast.com\/product\/yoast-seo-wordpress\/ -->\n<title>Ya tiene todos los premios: Bad Bunny gana su primer Emmy gracias a la Super Bowl - Perspectiva Literaria | Desde el punto de vista del arte<\/title>\n<meta name=\"robots\" content=\"index, follow, max-snippet:-1, max-image-preview:large, max-video-preview:-1\" \/>\n<link rel=\"canonical\" href=\"https:\/\/perspectivaliteraria.com\/index.php\/2026\/09\/06\/ya-tiene-todos-los-premios-bad-bunny-gana-su-primer-emmy-gracias-a-la-super-bowl\/\" \/>\n<meta property=\"og:locale\" content=\"es_ES\" \/>\n<meta property=\"og:type\" content=\"article\" \/>\n<meta property=\"og:title\" content=\"Ya tiene todos los premios: Bad Bunny gana su primer Emmy gracias a la Super Bowl - Perspectiva Literaria | Desde el punto de vista del arte\" \/>\n<meta property=\"og:description\" content=\"Ha sido su a\u00f1o, indiscutiblemente. Adem\u00e1s de lograr una gira inmensamente lucrativa y de abrir peri\u00f3dicos a su paso, Bad Bunny fue el emblema del poder latino frente a Trump y obtuvo el Grammy al mejor disco del a\u00f1o. Ahora, Benito ha ganado tambi\u00e9n su primer Emmy gracias al espect\u00e1culo de medio tiempo del Super [&hellip;]\" \/>\n<meta property=\"og:url\" content=\"https:\/\/perspectivaliteraria.com\/index.php\/2026\/09\/06\/ya-tiene-todos-los-premios-bad-bunny-gana-su-primer-emmy-gracias-a-la-super-bowl\/\" \/>\n<meta property=\"og:site_name\" content=\"Perspectiva Literaria | Desde el punto de vista del arte\" \/>\n<meta property=\"article:published_time\" content=\"2026-09-06T07:45:36+00:00\" \/>\n<meta name=\"author\" content=\"info@perspectivaliteraria.com\" \/>\n<meta name=\"twitter:card\" content=\"summary_large_image\" \/>\n<meta name=\"twitter:label1\" content=\"Escrito por\" \/>\n\t<meta name=\"twitter:data1\" content=\"info@perspectivaliteraria.com\" \/>\n\t<meta name=\"twitter:label2\" content=\"Tiempo de lectura\" \/>\n\t<meta name=\"twitter:data2\" content=\"3 minutos\" \/>\n<script type=\"application\/ld+json\" class=\"yoast-schema-graph\">{\"@context\":\"https:\\\/\\\/schema.org\",\"@graph\":[{\"@type\":\"Article\",\"@id\":\"https:\\\/\\\/perspectivaliteraria.com\\\/index.php\\\/2026\\\/09\\\/06\\\/ya-tiene-todos-los-premios-bad-bunny-gana-su-primer-emmy-gracias-a-la-super-bowl\\\/#article\",\"isPartOf\":{\"@id\":\"https:\\\/\\\/perspectivaliteraria.com\\\/index.php\\\/2026\\\/09\\\/06\\\/ya-tiene-todos-los-premios-bad-bunny-gana-su-primer-emmy-gracias-a-la-super-bowl\\\/\"},\"author\":{\"name\":\"info@perspectivaliteraria.com\",\"@id\":\"https:\\\/\\\/perspectivaliteraria.com\\\/#\\\/schema\\\/person\\\/0d35c1e33827164611441f7cc84c8c64\"},\"headline\":\"Ya tiene todos los premios: Bad Bunny gana su primer Emmy gracias a la Super Bowl\",\"datePublished\":\"2026-09-06T07:45:36+00:00\",\"mainEntityOfPage\":{\"@id\":\"https:\\\/\\\/perspectivaliteraria.com\\\/index.php\\\/2026\\\/09\\\/06\\\/ya-tiene-todos-los-premios-bad-bunny-gana-su-primer-emmy-gracias-a-la-super-bowl\\\/\"},\"wordCount\":636,\"publisher\":{\"@id\":\"https:\\\/\\\/perspectivaliteraria.com\\\/#organization\"},\"image\":{\"@id\":\"https:\\\/\\\/perspectivaliteraria.com\\\/index.php\\\/2026\\\/09\\\/06\\\/ya-tiene-todos-los-premios-bad-bunny-gana-su-primer-emmy-gracias-a-la-super-bowl\\\/#primaryimage\"},\"thumbnailUrl\":\"https:\\\/\\\/perspectivaliteraria.com\\\/wp-content\\\/uploads\\\/2026\\\/09\\\/96-VtxvdV.jpg\",\"articleSection\":[\"M\u00fasica\"],\"inLanguage\":\"es\"},{\"@type\":\"WebPage\",\"@id\":\"https:\\\/\\\/perspectivaliteraria.com\\\/index.php\\\/2026\\\/09\\\/06\\\/ya-tiene-todos-los-premios-bad-bunny-gana-su-primer-emmy-gracias-a-la-super-bowl\\\/\",\"url\":\"https:\\\/\\\/perspectivaliteraria.com\\\/index.php\\\/2026\\\/09\\\/06\\\/ya-tiene-todos-los-premios-bad-bunny-gana-su-primer-emmy-gracias-a-la-super-bowl\\\/\",\"name\":\"Ya tiene todos los premios: Bad Bunny gana su primer Emmy gracias a la Super Bowl - Perspectiva Literaria | Desde el punto de vista del arte\",\"isPartOf\":{\"@id\":\"https:\\\/\\\/perspectivaliteraria.com\\\/#website\"},\"primaryImageOfPage\":{\"@id\":\"https:\\\/\\\/perspectivaliteraria.com\\\/index.php\\\/2026\\\/09\\\/06\\\/ya-tiene-todos-los-premios-bad-bunny-gana-su-primer-emmy-gracias-a-la-super-bowl\\\/#primaryimage\"},\"image\":{\"@id\":\"https:\\\/\\\/perspectivaliteraria.com\\\/index.php\\\/2026\\\/09\\\/06\\\/ya-tiene-todos-los-premios-bad-bunny-gana-su-primer-emmy-gracias-a-la-super-bowl\\\/#primaryimage\"},\"thumbnailUrl\":\"https:\\\/\\\/perspectivaliteraria.com\\\/wp-content\\\/uploads\\\/2026\\\/09\\\/96-VtxvdV.jpg\",\"datePublished\":\"2026-09-06T07:45:36+00:00\",\"breadcrumb\":{\"@id\":\"https:\\\/\\\/perspectivaliteraria.com\\\/index.php\\\/2026\\\/09\\\/06\\\/ya-tiene-todos-los-premios-bad-bunny-gana-su-primer-emmy-gracias-a-la-super-bowl\\\/#breadcrumb\"},\"inLanguage\":\"es\",\"potentialAction\":[{\"@type\":\"ReadAction\",\"target\":[\"https:\\\/\\\/perspectivaliteraria.com\\\/index.php\\\/2026\\\/09\\\/06\\\/ya-tiene-todos-los-premios-bad-bunny-gana-su-primer-emmy-gracias-a-la-super-bowl\\\/\"]}]},{\"@type\":\"ImageObject\",\"inLanguage\":\"es\",\"@id\":\"https:\\\/\\\/perspectivaliteraria.com\\\/index.php\\\/2026\\\/09\\\/06\\\/ya-tiene-todos-los-premios-bad-bunny-gana-su-primer-emmy-gracias-a-la-super-bowl\\\/#primaryimage\",\"url\":\"https:\\\/\\\/perspectivaliteraria.com\\\/wp-content\\\/uploads\\\/2026\\\/09\\\/96-VtxvdV.jpg\",\"contentUrl\":\"https:\\\/\\\/perspectivaliteraria.com\\\/wp-content\\\/uploads\\\/2026\\\/09\\\/96-VtxvdV.jpg\",\"width\":2495,\"height\":1403},{\"@type\":\"BreadcrumbList\",\"@id\":\"https:\\\/\\\/perspectivaliteraria.com\\\/index.php\\\/2026\\\/09\\\/06\\\/ya-tiene-todos-los-premios-bad-bunny-gana-su-primer-emmy-gracias-a-la-super-bowl\\\/#breadcrumb\",\"itemListElement\":[{\"@type\":\"ListItem\",\"position\":1,\"name\":\"Home\",\"item\":\"https:\\\/\\\/perspectivaliteraria.com\\\/\"},{\"@type\":\"ListItem\",\"position\":2,\"name\":\"Ya tiene todos los premios: Bad Bunny gana su primer Emmy gracias a la Super Bowl\"}]},{\"@type\":\"WebSite\",\"@id\":\"https:\\\/\\\/perspectivaliteraria.com\\\/#website\",\"url\":\"https:\\\/\\\/perspectivaliteraria.com\\\/\",\"name\":\"Perspectiva Literaria | Desde el punto de vista del arte\",\"description\":\"Perspectiva Literaria es un peri\u00f3dico dedicado a todo lo relacionado con el mundo de la literatura. En sus p\u00e1ginas encontrar\u00e1s rese\u00f1as de libros, entrevistas a autores, noticias del sector editorial, art\u00edculos de opini\u00f3n y mucho m\u00e1s.\",\"publisher\":{\"@id\":\"https:\\\/\\\/perspectivaliteraria.com\\\/#organization\"},\"potentialAction\":[{\"@type\":\"SearchAction\",\"target\":{\"@type\":\"EntryPoint\",\"urlTemplate\":\"https:\\\/\\\/perspectivaliteraria.com\\\/?s={search_term_string}\"},\"query-input\":{\"@type\":\"PropertyValueSpecification\",\"valueRequired\":true,\"valueName\":\"search_term_string\"}}],\"inLanguage\":\"es\"},{\"@type\":\"Organization\",\"@id\":\"https:\\\/\\\/perspectivaliteraria.com\\\/#organization\",\"name\":\"Perspectiva Literaria | Desde el punto de vista del arte\",\"url\":\"https:\\\/\\\/perspectivaliteraria.com\\\/\",\"logo\":{\"@type\":\"ImageObject\",\"inLanguage\":\"es\",\"@id\":\"https:\\\/\\\/perspectivaliteraria.com\\\/#\\\/schema\\\/logo\\\/image\\\/\",\"url\":\"https:\\\/\\\/perspectivaliteraria.com\\\/wp-content\\\/uploads\\\/2025\\\/08\\\/cropped-cropped-23-PerspectivaLiteraria.webp\",\"contentUrl\":\"https:\\\/\\\/perspectivaliteraria.com\\\/wp-content\\\/uploads\\\/2025\\\/08\\\/cropped-cropped-23-PerspectivaLiteraria.webp\",\"width\":833,\"height\":145,\"caption\":\"Perspectiva Literaria | Desde el punto de vista del arte\"},\"image\":{\"@id\":\"https:\\\/\\\/perspectivaliteraria.com\\\/#\\\/schema\\\/logo\\\/image\\\/\"}},{\"@type\":\"Person\",\"@id\":\"https:\\\/\\\/perspectivaliteraria.com\\\/#\\\/schema\\\/person\\\/0d35c1e33827164611441f7cc84c8c64\",\"name\":\"info@perspectivaliteraria.com\",\"image\":{\"@type\":\"ImageObject\",\"inLanguage\":\"es\",\"@id\":\"https:\\\/\\\/secure.gravatar.com\\\/avatar\\\/1f374507b416a78544dcc9b350c64ddec2ebcdd6d216ca8d15e68682c3ee01ac?s=96&d=mm&r=g\",\"url\":\"https:\\\/\\\/secure.gravatar.com\\\/avatar\\\/1f374507b416a78544dcc9b350c64ddec2ebcdd6d216ca8d15e68682c3ee01ac?s=96&d=mm&r=g\",\"contentUrl\":\"https:\\\/\\\/secure.gravatar.com\\\/avatar\\\/1f374507b416a78544dcc9b350c64ddec2ebcdd6d216ca8d15e68682c3ee01ac?s=96&d=mm&r=g\",\"caption\":\"info@perspectivaliteraria.com\"},\"sameAs\":[\"http:\\\/\\\/perspectivaliteraria.com\"],\"url\":\"https:\\\/\\\/perspectivaliteraria.com\\\/index.php\\\/author\\\/infoperspectivaliteraria-com\\\/\"}]}<\/script>\n<!-- \/ Yoast SEO plugin. -->","yoast_head_json":{"title":"Ya tiene todos los premios: Bad Bunny gana su primer Emmy gracias a la Super Bowl - Perspectiva Literaria | Desde el punto de vista del arte","robots":{"index":"index","follow":"follow","max-snippet":"max-snippet:-1","max-image-preview":"max-image-preview:large","max-video-preview":"max-video-preview:-1"},"canonical":"https:\/\/perspectivaliteraria.com\/index.php\/2026\/09\/06\/ya-tiene-todos-los-premios-bad-bunny-gana-su-primer-emmy-gracias-a-la-super-bowl\/","og_locale":"es_ES","og_type":"article","og_title":"Ya tiene todos los premios: Bad Bunny gana su primer Emmy gracias a la Super Bowl - Perspectiva Literaria | Desde el punto de vista del arte","og_description":"Ha sido su a\u00f1o, indiscutiblemente. Adem\u00e1s de lograr una gira inmensamente lucrativa y de abrir peri\u00f3dicos a su paso, Bad Bunny fue el emblema del poder latino frente a Trump y obtuvo el Grammy al mejor disco del a\u00f1o. Ahora, Benito ha ganado tambi\u00e9n su primer Emmy gracias al espect\u00e1culo de medio tiempo del Super [&hellip;]","og_url":"https:\/\/perspectivaliteraria.com\/index.php\/2026\/09\/06\/ya-tiene-todos-los-premios-bad-bunny-gana-su-primer-emmy-gracias-a-la-super-bowl\/","og_site_name":"Perspectiva Literaria | Desde el punto de vista del arte","article_published_time":"2026-09-06T07:45:36+00:00","author":"info@perspectivaliteraria.com","twitter_card":"summary_large_image","twitter_misc":{"Escrito por":"info@perspectivaliteraria.com","Tiempo de lectura":"3 minutos"},"schema":{"@context":"https:\/\/schema.org","@graph":[{"@type":"Article","@id":"https:\/\/perspectivaliteraria.com\/index.php\/2026\/09\/06\/ya-tiene-todos-los-premios-bad-bunny-gana-su-primer-emmy-gracias-a-la-super-bowl\/#article","isPartOf":{"@id":"https:\/\/perspectivaliteraria.com\/index.php\/2026\/09\/06\/ya-tiene-todos-los-premios-bad-bunny-gana-su-primer-emmy-gracias-a-la-super-bowl\/"},"author":{"name":"info@perspectivaliteraria.com","@id":"https:\/\/perspectivaliteraria.com\/#\/schema\/person\/0d35c1e33827164611441f7cc84c8c64"},"headline":"Ya tiene todos los premios: Bad Bunny gana su primer Emmy gracias a la Super Bowl","datePublished":"2026-09-06T07:45:36+00:00","mainEntityOfPage":{"@id":"https:\/\/perspectivaliteraria.com\/index.php\/2026\/09\/06\/ya-tiene-todos-los-premios-bad-bunny-gana-su-primer-emmy-gracias-a-la-super-bowl\/"},"wordCount":636,"publisher":{"@id":"https:\/\/perspectivaliteraria.com\/#organization"},"image":{"@id":"https:\/\/perspectivaliteraria.com\/index.php\/2026\/09\/06\/ya-tiene-todos-los-premios-bad-bunny-gana-su-primer-emmy-gracias-a-la-super-bowl\/#primaryimage"},"thumbnailUrl":"https:\/\/perspectivaliteraria.com\/wp-content\/uploads\/2026\/09\/96-VtxvdV.jpg","articleSection":["M\u00fasica"],"inLanguage":"es"},{"@type":"WebPage","@id":"https:\/\/perspectivaliteraria.com\/index.php\/2026\/09\/06\/ya-tiene-todos-los-premios-bad-bunny-gana-su-primer-emmy-gracias-a-la-super-bowl\/","url":"https:\/\/perspectivaliteraria.com\/index.php\/2026\/09\/06\/ya-tiene-todos-los-premios-bad-bunny-gana-su-primer-emmy-gracias-a-la-super-bowl\/","name":"Ya tiene todos los premios: Bad Bunny gana su primer Emmy gracias a la Super Bowl - Perspectiva Literaria | Desde el punto de vista del arte","isPartOf":{"@id":"https:\/\/perspectivaliteraria.com\/#website"},"primaryImageOfPage":{"@id":"https:\/\/perspectivaliteraria.com\/index.php\/2026\/09\/06\/ya-tiene-todos-los-premios-bad-bunny-gana-su-primer-emmy-gracias-a-la-super-bowl\/#primaryimage"},"image":{"@id":"https:\/\/perspectivaliteraria.com\/index.php\/2026\/09\/06\/ya-tiene-todos-los-premios-bad-bunny-gana-su-primer-emmy-gracias-a-la-super-bowl\/#primaryimage"},"thumbnailUrl":"https:\/\/perspectivaliteraria.com\/wp-content\/uploads\/2026\/09\/96-VtxvdV.jpg","datePublished":"2026-09-06T07:45:36+00:00","breadcrumb":{"@id":"https:\/\/perspectivaliteraria.com\/index.php\/2026\/09\/06\/ya-tiene-todos-los-premios-bad-bunny-gana-su-primer-emmy-gracias-a-la-super-bowl\/#breadcrumb"},"inLanguage":"es","potentialAction":[{"@type":"ReadAction","target":["https:\/\/perspectivaliteraria.com\/index.php\/2026\/09\/06\/ya-tiene-todos-los-premios-bad-bunny-gana-su-primer-emmy-gracias-a-la-super-bowl\/"]}]},{"@type":"ImageObject","inLanguage":"es","@id":"https:\/\/perspectivaliteraria.com\/index.php\/2026\/09\/06\/ya-tiene-todos-los-premios-bad-bunny-gana-su-primer-emmy-gracias-a-la-super-bowl\/#primaryimage","url":"https:\/\/perspectivaliteraria.com\/wp-content\/uploads\/2026\/09\/96-VtxvdV.jpg","contentUrl":"https:\/\/perspectivaliteraria.com\/wp-content\/uploads\/2026\/09\/96-VtxvdV.jpg","width":2495,"height":1403},{"@type":"BreadcrumbList","@id":"https:\/\/perspectivaliteraria.com\/index.php\/2026\/09\/06\/ya-tiene-todos-los-premios-bad-bunny-gana-su-primer-emmy-gracias-a-la-super-bowl\/#breadcrumb","itemListElement":[{"@type":"ListItem","position":1,"name":"Home","item":"https:\/\/perspectivaliteraria.com\/"},{"@type":"ListItem","position":2,"name":"Ya tiene todos los premios: Bad Bunny gana su primer Emmy gracias a la Super Bowl"}]},{"@type":"WebSite","@id":"https:\/\/perspectivaliteraria.com\/#website","url":"https:\/\/perspectivaliteraria.com\/","name":"Perspectiva Literaria | Desde el punto de vista del arte","description":"Perspectiva Literaria es un peri\u00f3dico dedicado a todo lo relacionado con el mundo de la literatura. En sus p\u00e1ginas encontrar\u00e1s rese\u00f1as de libros, entrevistas a autores, noticias del sector editorial, art\u00edculos de opini\u00f3n y mucho m\u00e1s.","publisher":{"@id":"https:\/\/perspectivaliteraria.com\/#organization"},"potentialAction":[{"@type":"SearchAction","target":{"@type":"EntryPoint","urlTemplate":"https:\/\/perspectivaliteraria.com\/?s={search_term_string}"},"query-input":{"@type":"PropertyValueSpecification","valueRequired":true,"valueName":"search_term_string"}}],"inLanguage":"es"},{"@type":"Organization","@id":"https:\/\/perspectivaliteraria.com\/#organization","name":"Perspectiva Literaria | Desde el punto de vista del arte","url":"https:\/\/perspectivaliteraria.com\/","logo":{"@type":"ImageObject","inLanguage":"es","@id":"https:\/\/perspectivaliteraria.com\/#\/schema\/logo\/image\/","url":"https:\/\/perspectivaliteraria.com\/wp-content\/uploads\/2025\/08\/cropped-cropped-23-PerspectivaLiteraria.webp","contentUrl":"https:\/\/perspectivaliteraria.com\/wp-content\/uploads\/2025\/08\/cropped-cropped-23-PerspectivaLiteraria.webp","width":833,"height":145,"caption":"Perspectiva Literaria | Desde el punto de vista del arte"},"image":{"@id":"https:\/\/perspectivaliteraria.com\/#\/schema\/logo\/image\/"}},{"@type":"Person","@id":"https:\/\/perspectivaliteraria.com\/#\/schema\/person\/0d35c1e33827164611441f7cc84c8c64","name":"info@perspectivaliteraria.com","image":{"@type":"ImageObject","inLanguage":"es","@id":"https:\/\/secure.gravatar.com\/avatar\/1f374507b416a78544dcc9b350c64ddec2ebcdd6d216ca8d15e68682c3ee01ac?s=96&d=mm&r=g","url":"https:\/\/secure.gravatar.com\/avatar\/1f374507b416a78544dcc9b350c64ddec2ebcdd6d216ca8d15e68682c3ee01ac?s=96&d=mm&r=g","contentUrl":"https:\/\/secure.gravatar.com\/avatar\/1f374507b416a78544dcc9b350c64ddec2ebcdd6d216ca8d15e68682c3ee01ac?s=96&d=mm&r=g","caption":"info@perspectivaliteraria.com"},"sameAs":["http:\/\/perspectivaliteraria.com"],"url":"https:\/\/perspectivaliteraria.com\/index.php\/author\/infoperspectivaliteraria-com\/"}]}},"_links":{"self":[{"href":"https:\/\/perspectivaliteraria.com\/index.php\/wp-json\/wp\/v2\/posts\/79510","targetHints":{"allow":["GET"]}}],"collection":[{"href":"https:\/\/perspectivaliteraria.com\/index.php\/wp-json\/wp\/v2\/posts"}],"about":[{"href":"https:\/\/perspectivaliteraria.com\/index.php\/wp-json\/wp\/v2\/types\/post"}],"author":[{"embeddable":true,"href":"https:\/\/perspectivaliteraria.com\/index.php\/wp-json\/wp\/v2\/users\/1"}],"replies":[{"embeddable":true,"href":"https:\/\/perspectivaliteraria.com\/index.php\/wp-json\/wp\/v2\/comments?post=79510"}],"version-history":[{"count":0,"href":"https:\/\/perspectivaliteraria.com\/index.php\/wp-json\/wp\/v2\/posts\/79510\/revisions"}],"wp:featuredmedia":[{"embeddable":true,"href":"https:\/\/perspectivaliteraria.com\/index.php\/wp-json\/wp\/v2\/media\/79511"}],"wp:attachment":[{"href":"https:\/\/perspectivaliteraria.com\/index.php\/wp-json\/wp\/v2\/media?parent=79510"}],"wp:term":[{"taxonomy":"category","embeddable":true,"href":"https:\/\/perspectivaliteraria.com\/index.php\/wp-json\/wp\/v2\/categories?post=79510"},{"taxonomy":"post_tag","embeddable":true,"href":"https:\/\/perspectivaliteraria.com\/index.php\/wp-json\/wp\/v2\/tags?post=79510"}],"curies":[{"name":"wp","href":"https:\/\/api.w.org\/{rel}","templated":true}]}}