{"id":79520,"date":"2026-09-06T12:20:14","date_gmt":"2026-09-06T10:20:14","guid":{"rendered":"https:\/\/perspectivaliteraria.com\/index.php\/2026\/09\/06\/antena-3-modifica-su-noche-de-los-domingos-con-el-estreno-de-el-secreto\/"},"modified":"2026-09-06T12:20:14","modified_gmt":"2026-09-06T10:20:14","slug":"antena-3-modifica-su-noche-de-los-domingos-con-el-estreno-de-el-secreto","status":"publish","type":"post","link":"https:\/\/perspectivaliteraria.com\/index.php\/2026\/09\/06\/antena-3-modifica-su-noche-de-los-domingos-con-el-estreno-de-el-secreto\/","title":{"rendered":"Antena 3 modifica su noche de los domingos con el estreno de &#8216;El Secreto&#8217;"},"content":{"rendered":"<p>Con <a title=\"&apos;Una nueva vida&apos; a punto de llegar a su desenlace\" href=\"https:\/\/www.larazon.es\/television\/series\/cuando-emite-antena-3-final-nueva-vida_202608316a9599302d7d302217795170.html\" target=\"_blank\">&#8216;Una nueva vida&#8217; a punto de llegar a su desenlace<\/a>, Atresmedia ha decidido no esperar m\u00e1s para estrenar su nueva ficci\u00f3n turca. Titulada <b>&#8216;El Secreto&#8217;, la serie llega este domingo 6 de septiembre al prime time de Antena 3<\/b>. Su estreno ser\u00e1 a las 22:00 horas, lo que provocar\u00e1 que el pen\u00faltimo cap\u00edtulo de la superproducci\u00f3n ganadora de 14 premios internacionales se puede ver a las 00:30 horas.<\/p>\n<p>Esta nueva serie se estren\u00f3 en Turqu\u00eda hace un a\u00f1o y, tras emitir su primera temporada, <b>fue renovada por una segunda debido a su gran \u00e9xito<\/b>. La trama sigue las historias de una mujer que enfrenta su primera gran prueba del coraz\u00f3n y de un <b>hombre que intenta reconstruir las piezas del puzle sin resolver en el que se ha convertido su familia<\/b>, con la esperanza de poder volver a confiar de nuevo.<\/p>\n<p>Por un lado, se encuentra el personaje de <b>Serhat<\/b> (Murat Yildirim), un hombre que lleva la responsabilidad como si fuera una armadura. Una ma\u00f1ana, su esposa Berrak sufre un grave accidente y cae en coma. Casualmente, Serhat descubre un secreto que lleva ocultando durante varios a\u00f1os: <b>su mujer dio luz a una ni\u00f1a que dio en adopci\u00f3n y que fue fruto de un romance desconocido<\/b>. Enfadado y perdido, Serhat necesita respuestas sobre la peque\u00f1a Kader que su esposa no puede darle, como el lugar donde se encuentra la ni\u00f1a y qui\u00e9n es el hombre con el que le fue infiel.<\/p>\n<p>Por otro lado, la serie presenta a <b>Zeynep<\/b> (Cemre Baysel), una joven honesta y alegre, que ayuda a su madre en un mercado vendiendo rosas. Casualmente, <b>se encuentra a la peque\u00f1a Kader, infeliz y maltratada en su hogar de adopci\u00f3n<\/b>, y decide salvarla de su situaci\u00f3n. El destino unir\u00e1 a las dos j\u00f3venes en busca de un futuro mejor.<\/p>\n<p>Seg\u00fan ha confirmado el grupo de comunicaci\u00f3n, el estreno de &#8216;El Secreto&#8217; continuar\u00e1 de manera especial en las noches del <b>lunes 7 y martes 8 de septiembre<\/b> tras &#8216;El Hormiguero&#8217;<b>,<\/b> con un avance de sus pr\u00f3ximos episodios antes de la emisi\u00f3n de nuevos cap\u00edtulos de &#8216;En tierra lejana&#8217;, creando as\u00ed un <b>evento de tres noches consecutivas.<\/b><\/p>\n<p>\u00a0La ficci\u00f3n turca se estrena hoy a las 22:00 horas en Antena 3 y\u00a0continuar\u00e1 de manera especial en las noches del lunes 7 y martes 8 de septiembre con un avance de sus pr\u00f3ximos cap\u00edtulos\u00a0\u00a0<\/p>\n<p>Con <a title=\"&apos;Una nueva vida&apos; a punto de llegar a su desenlace\" href=\"https:\/\/www.larazon.es\/television\/series\/cuando-emite-antena-3-final-nueva-vida_202608316a9599302d7d302217795170.html\" target=\"_blank\">&#8216;Una nueva vida&#8217; a punto de llegar a su desenlace<\/a>, Atresmedia ha decidido no esperar m\u00e1s para estrenar su nueva ficci\u00f3n turca. Titulada <b>&#8216;El Secreto&#8217;, la serie llega este domingo 6 de septiembre al prime time de Antena 3<\/b>. Su estreno ser\u00e1 a las 22:00 horas, lo que provocar\u00e1 que el pen\u00faltimo cap\u00edtulo de la superproducci\u00f3n ganadora de 14 premios internacionales se puede ver a las 00:30 horas.<\/p>\n<p>Esta nueva serie se estren\u00f3 en Turqu\u00eda hace un a\u00f1o y, tras emitir su primera temporada, <b>fue renovada por una segunda debido a su gran \u00e9xito<\/b>. La trama sigue las historias de una mujer que enfrenta su primera gran prueba del coraz\u00f3n y de un <b>hombre que intenta reconstruir las piezas del puzle sin resolver en el que se ha convertido su familia<\/b>, con la esperanza de poder volver a confiar de nuevo.<\/p>\n<p>Por un lado, se encuentra el personaje de <b>Serhat<\/b> (Murat Yildirim), un hombre que lleva la responsabilidad como si fuera una armadura. Una ma\u00f1ana, su esposa Berrak sufre un grave accidente y cae en coma. Casualmente, Serhat descubre un secreto que lleva ocultando durante varios a\u00f1os: <b>su mujer dio luz a una ni\u00f1a que dio en adopci\u00f3n y que fue fruto de un romance desconocido<\/b>. Enfadado y perdido, Serhat necesita respuestas sobre la peque\u00f1a Kader que su esposa no puede darle, como el lugar donde se encuentra la ni\u00f1a y qui\u00e9n es el hombre con el que le fue infiel.<\/p>\n<p>Por otro lado, la serie presenta a <b>Zeynep<\/b> (Cemre Baysel), una joven honesta y alegre, que ayuda a su madre en un mercado vendiendo rosas. Casualmente, <b>se encuentra a la peque\u00f1a Kader, infeliz y maltratada en su hogar de adopci\u00f3n<\/b>, y decide salvarla de su situaci\u00f3n. El destino unir\u00e1 a las dos j\u00f3venes en busca de un futuro mejor.<\/p>\n<p>Seg\u00fan ha confirmado el grupo de comunicaci\u00f3n, el estreno de &#8216;El Secreto&#8217; continuar\u00e1 de manera especial en las noches del <b>lunes 7 y martes 8 de septiembre<\/b> tras &#8216;El Hormiguero&#8217;<b>,<\/b> con un avance de sus pr\u00f3ximos episodios antes de la emisi\u00f3n de nuevos cap\u00edtulos de &#8216;En tierra lejana&#8217;, creando as\u00ed un <b>evento de tres noches consecutivas.<\/b><\/p>\n<p>\u00a0Series<\/p>","protected":false},"excerpt":{"rendered":"<p>Con &#8216;Una nueva vida&#8217; a punto de llegar a su desenlace, Atresmedia ha decidido no esperar m\u00e1s para estrenar su nueva ficci\u00f3n turca. Titulada &#8216;El Secreto&#8217;, la serie llega este domingo 6 de septiembre al prime time de Antena 3. Su estreno ser\u00e1 a las 22:00 horas, lo que provocar\u00e1 que el pen\u00faltimo cap\u00edtulo de [&hellip;]<\/p>\n","protected":false},"author":1,"featured_media":79521,"comment_status":"","ping_status":"","sticky":false,"template":"","format":"standard","meta":{"sb_editor_width":"","footnotes":""},"categories":[15],"tags":[],"class_list":["post-79520","post","type-post","status-publish","format-standard","has-post-thumbnail","hentry","category-cine-y-tv"],"relative_dates":{"created":"17 minutos ago","modified":"17 minutos ago"},"yoast_head":"<!-- This site is optimized with the Yoast SEO plugin v28.4 - https:\/\/yoast.com\/product\/yoast-seo-wordpress\/ -->\n<title>Antena 3 modifica su noche de los domingos con el estreno de &#039;El Secreto&#039; - Perspectiva Literaria | Desde el punto de vista del arte<\/title>\n<meta name=\"robots\" content=\"index, follow, max-snippet:-1, max-image-preview:large, max-video-preview:-1\" \/>\n<link rel=\"canonical\" href=\"https:\/\/perspectivaliteraria.com\/index.php\/2026\/09\/06\/antena-3-modifica-su-noche-de-los-domingos-con-el-estreno-de-el-secreto\/\" \/>\n<meta property=\"og:locale\" content=\"es_ES\" \/>\n<meta property=\"og:type\" content=\"article\" \/>\n<meta property=\"og:title\" content=\"Antena 3 modifica su noche de los domingos con el estreno de &#039;El Secreto&#039; - Perspectiva Literaria | Desde el punto de vista del arte\" \/>\n<meta property=\"og:description\" content=\"Con &#8216;Una nueva vida&#8217; a punto de llegar a su desenlace, Atresmedia ha decidido no esperar m\u00e1s para estrenar su nueva ficci\u00f3n turca. Titulada &#8216;El Secreto&#8217;, la serie llega este domingo 6 de septiembre al prime time de Antena 3. Su estreno ser\u00e1 a las 22:00 horas, lo que provocar\u00e1 que el pen\u00faltimo cap\u00edtulo de [&hellip;]\" \/>\n<meta property=\"og:url\" content=\"https:\/\/perspectivaliteraria.com\/index.php\/2026\/09\/06\/antena-3-modifica-su-noche-de-los-domingos-con-el-estreno-de-el-secreto\/\" \/>\n<meta property=\"og:site_name\" content=\"Perspectiva Literaria | Desde el punto de vista del arte\" \/>\n<meta property=\"article:published_time\" content=\"2026-09-06T10:20:14+00:00\" \/>\n<meta name=\"author\" content=\"info@perspectivaliteraria.com\" \/>\n<meta name=\"twitter:card\" content=\"summary_large_image\" \/>\n<meta name=\"twitter:label1\" content=\"Escrito por\" \/>\n\t<meta name=\"twitter:data1\" content=\"info@perspectivaliteraria.com\" \/>\n\t<meta name=\"twitter:label2\" content=\"Tiempo de lectura\" \/>\n\t<meta name=\"twitter:data2\" content=\"4 minutos\" \/>\n<script type=\"application\/ld+json\" class=\"yoast-schema-graph\">{\"@context\":\"https:\\\/\\\/schema.org\",\"@graph\":[{\"@type\":\"Article\",\"@id\":\"https:\\\/\\\/perspectivaliteraria.com\\\/index.php\\\/2026\\\/09\\\/06\\\/antena-3-modifica-su-noche-de-los-domingos-con-el-estreno-de-el-secreto\\\/#article\",\"isPartOf\":{\"@id\":\"https:\\\/\\\/perspectivaliteraria.com\\\/index.php\\\/2026\\\/09\\\/06\\\/antena-3-modifica-su-noche-de-los-domingos-con-el-estreno-de-el-secreto\\\/\"},\"author\":{\"name\":\"info@perspectivaliteraria.com\",\"@id\":\"https:\\\/\\\/perspectivaliteraria.com\\\/#\\\/schema\\\/person\\\/0d35c1e33827164611441f7cc84c8c64\"},\"headline\":\"Antena 3 modifica su noche de los domingos con el estreno de &#8216;El Secreto&#8217;\",\"datePublished\":\"2026-09-06T10:20:14+00:00\",\"mainEntityOfPage\":{\"@id\":\"https:\\\/\\\/perspectivaliteraria.com\\\/index.php\\\/2026\\\/09\\\/06\\\/antena-3-modifica-su-noche-de-los-domingos-con-el-estreno-de-el-secreto\\\/\"},\"wordCount\":797,\"publisher\":{\"@id\":\"https:\\\/\\\/perspectivaliteraria.com\\\/#organization\"},\"image\":{\"@id\":\"https:\\\/\\\/perspectivaliteraria.com\\\/index.php\\\/2026\\\/09\\\/06\\\/antena-3-modifica-su-noche-de-los-domingos-con-el-estreno-de-el-secreto\\\/#primaryimage\"},\"thumbnailUrl\":\"https:\\\/\\\/perspectivaliteraria.com\\\/wp-content\\\/uploads\\\/2026\\\/09\\\/actor-turco-murat-yldrm-protagoniza-secreto_96-BOtQzv.jpg\",\"articleSection\":[\"Cine y TV\"],\"inLanguage\":\"es\"},{\"@type\":\"WebPage\",\"@id\":\"https:\\\/\\\/perspectivaliteraria.com\\\/index.php\\\/2026\\\/09\\\/06\\\/antena-3-modifica-su-noche-de-los-domingos-con-el-estreno-de-el-secreto\\\/\",\"url\":\"https:\\\/\\\/perspectivaliteraria.com\\\/index.php\\\/2026\\\/09\\\/06\\\/antena-3-modifica-su-noche-de-los-domingos-con-el-estreno-de-el-secreto\\\/\",\"name\":\"Antena 3 modifica su noche de los domingos con el estreno de 'El Secreto' - Perspectiva Literaria | Desde el punto de vista del arte\",\"isPartOf\":{\"@id\":\"https:\\\/\\\/perspectivaliteraria.com\\\/#website\"},\"primaryImageOfPage\":{\"@id\":\"https:\\\/\\\/perspectivaliteraria.com\\\/index.php\\\/2026\\\/09\\\/06\\\/antena-3-modifica-su-noche-de-los-domingos-con-el-estreno-de-el-secreto\\\/#primaryimage\"},\"image\":{\"@id\":\"https:\\\/\\\/perspectivaliteraria.com\\\/index.php\\\/2026\\\/09\\\/06\\\/antena-3-modifica-su-noche-de-los-domingos-con-el-estreno-de-el-secreto\\\/#primaryimage\"},\"thumbnailUrl\":\"https:\\\/\\\/perspectivaliteraria.com\\\/wp-content\\\/uploads\\\/2026\\\/09\\\/actor-turco-murat-yldrm-protagoniza-secreto_96-BOtQzv.jpg\",\"datePublished\":\"2026-09-06T10:20:14+00:00\",\"breadcrumb\":{\"@id\":\"https:\\\/\\\/perspectivaliteraria.com\\\/index.php\\\/2026\\\/09\\\/06\\\/antena-3-modifica-su-noche-de-los-domingos-con-el-estreno-de-el-secreto\\\/#breadcrumb\"},\"inLanguage\":\"es\",\"potentialAction\":[{\"@type\":\"ReadAction\",\"target\":[\"https:\\\/\\\/perspectivaliteraria.com\\\/index.php\\\/2026\\\/09\\\/06\\\/antena-3-modifica-su-noche-de-los-domingos-con-el-estreno-de-el-secreto\\\/\"]}]},{\"@type\":\"ImageObject\",\"inLanguage\":\"es\",\"@id\":\"https:\\\/\\\/perspectivaliteraria.com\\\/index.php\\\/2026\\\/09\\\/06\\\/antena-3-modifica-su-noche-de-los-domingos-con-el-estreno-de-el-secreto\\\/#primaryimage\",\"url\":\"https:\\\/\\\/perspectivaliteraria.com\\\/wp-content\\\/uploads\\\/2026\\\/09\\\/actor-turco-murat-yldrm-protagoniza-secreto_96-BOtQzv.jpg\",\"contentUrl\":\"https:\\\/\\\/perspectivaliteraria.com\\\/wp-content\\\/uploads\\\/2026\\\/09\\\/actor-turco-murat-yldrm-protagoniza-secreto_96-BOtQzv.jpg\",\"width\":1280,\"height\":720},{\"@type\":\"BreadcrumbList\",\"@id\":\"https:\\\/\\\/perspectivaliteraria.com\\\/index.php\\\/2026\\\/09\\\/06\\\/antena-3-modifica-su-noche-de-los-domingos-con-el-estreno-de-el-secreto\\\/#breadcrumb\",\"itemListElement\":[{\"@type\":\"ListItem\",\"position\":1,\"name\":\"Home\",\"item\":\"https:\\\/\\\/perspectivaliteraria.com\\\/\"},{\"@type\":\"ListItem\",\"position\":2,\"name\":\"Antena 3 modifica su noche de los domingos con el estreno de &#8216;El Secreto&#8217;\"}]},{\"@type\":\"WebSite\",\"@id\":\"https:\\\/\\\/perspectivaliteraria.com\\\/#website\",\"url\":\"https:\\\/\\\/perspectivaliteraria.com\\\/\",\"name\":\"Perspectiva Literaria | Desde el punto de vista del arte\",\"description\":\"Perspectiva Literaria es un peri\u00f3dico dedicado a todo lo relacionado con el mundo de la literatura. En sus p\u00e1ginas encontrar\u00e1s rese\u00f1as de libros, entrevistas a autores, noticias del sector editorial, art\u00edculos de opini\u00f3n y mucho m\u00e1s.\",\"publisher\":{\"@id\":\"https:\\\/\\\/perspectivaliteraria.com\\\/#organization\"},\"potentialAction\":[{\"@type\":\"SearchAction\",\"target\":{\"@type\":\"EntryPoint\",\"urlTemplate\":\"https:\\\/\\\/perspectivaliteraria.com\\\/?s={search_term_string}\"},\"query-input\":{\"@type\":\"PropertyValueSpecification\",\"valueRequired\":true,\"valueName\":\"search_term_string\"}}],\"inLanguage\":\"es\"},{\"@type\":\"Organization\",\"@id\":\"https:\\\/\\\/perspectivaliteraria.com\\\/#organization\",\"name\":\"Perspectiva Literaria | Desde el punto de vista del arte\",\"url\":\"https:\\\/\\\/perspectivaliteraria.com\\\/\",\"logo\":{\"@type\":\"ImageObject\",\"inLanguage\":\"es\",\"@id\":\"https:\\\/\\\/perspectivaliteraria.com\\\/#\\\/schema\\\/logo\\\/image\\\/\",\"url\":\"https:\\\/\\\/perspectivaliteraria.com\\\/wp-content\\\/uploads\\\/2025\\\/08\\\/cropped-cropped-23-PerspectivaLiteraria.webp\",\"contentUrl\":\"https:\\\/\\\/perspectivaliteraria.com\\\/wp-content\\\/uploads\\\/2025\\\/08\\\/cropped-cropped-23-PerspectivaLiteraria.webp\",\"width\":833,\"height\":145,\"caption\":\"Perspectiva Literaria | Desde el punto de vista del arte\"},\"image\":{\"@id\":\"https:\\\/\\\/perspectivaliteraria.com\\\/#\\\/schema\\\/logo\\\/image\\\/\"}},{\"@type\":\"Person\",\"@id\":\"https:\\\/\\\/perspectivaliteraria.com\\\/#\\\/schema\\\/person\\\/0d35c1e33827164611441f7cc84c8c64\",\"name\":\"info@perspectivaliteraria.com\",\"image\":{\"@type\":\"ImageObject\",\"inLanguage\":\"es\",\"@id\":\"https:\\\/\\\/secure.gravatar.com\\\/avatar\\\/1f374507b416a78544dcc9b350c64ddec2ebcdd6d216ca8d15e68682c3ee01ac?s=96&d=mm&r=g\",\"url\":\"https:\\\/\\\/secure.gravatar.com\\\/avatar\\\/1f374507b416a78544dcc9b350c64ddec2ebcdd6d216ca8d15e68682c3ee01ac?s=96&d=mm&r=g\",\"contentUrl\":\"https:\\\/\\\/secure.gravatar.com\\\/avatar\\\/1f374507b416a78544dcc9b350c64ddec2ebcdd6d216ca8d15e68682c3ee01ac?s=96&d=mm&r=g\",\"caption\":\"info@perspectivaliteraria.com\"},\"sameAs\":[\"http:\\\/\\\/perspectivaliteraria.com\"],\"url\":\"https:\\\/\\\/perspectivaliteraria.com\\\/index.php\\\/author\\\/infoperspectivaliteraria-com\\\/\"}]}<\/script>\n<!-- \/ Yoast SEO plugin. -->","yoast_head_json":{"title":"Antena 3 modifica su noche de los domingos con el estreno de 'El Secreto' - Perspectiva Literaria | Desde el punto de vista del arte","robots":{"index":"index","follow":"follow","max-snippet":"max-snippet:-1","max-image-preview":"max-image-preview:large","max-video-preview":"max-video-preview:-1"},"canonical":"https:\/\/perspectivaliteraria.com\/index.php\/2026\/09\/06\/antena-3-modifica-su-noche-de-los-domingos-con-el-estreno-de-el-secreto\/","og_locale":"es_ES","og_type":"article","og_title":"Antena 3 modifica su noche de los domingos con el estreno de 'El Secreto' - Perspectiva Literaria | Desde el punto de vista del arte","og_description":"Con &#8216;Una nueva vida&#8217; a punto de llegar a su desenlace, Atresmedia ha decidido no esperar m\u00e1s para estrenar su nueva ficci\u00f3n turca. Titulada &#8216;El Secreto&#8217;, la serie llega este domingo 6 de septiembre al prime time de Antena 3. Su estreno ser\u00e1 a las 22:00 horas, lo que provocar\u00e1 que el pen\u00faltimo cap\u00edtulo de [&hellip;]","og_url":"https:\/\/perspectivaliteraria.com\/index.php\/2026\/09\/06\/antena-3-modifica-su-noche-de-los-domingos-con-el-estreno-de-el-secreto\/","og_site_name":"Perspectiva Literaria | Desde el punto de vista del arte","article_published_time":"2026-09-06T10:20:14+00:00","author":"info@perspectivaliteraria.com","twitter_card":"summary_large_image","twitter_misc":{"Escrito por":"info@perspectivaliteraria.com","Tiempo de lectura":"4 minutos"},"schema":{"@context":"https:\/\/schema.org","@graph":[{"@type":"Article","@id":"https:\/\/perspectivaliteraria.com\/index.php\/2026\/09\/06\/antena-3-modifica-su-noche-de-los-domingos-con-el-estreno-de-el-secreto\/#article","isPartOf":{"@id":"https:\/\/perspectivaliteraria.com\/index.php\/2026\/09\/06\/antena-3-modifica-su-noche-de-los-domingos-con-el-estreno-de-el-secreto\/"},"author":{"name":"info@perspectivaliteraria.com","@id":"https:\/\/perspectivaliteraria.com\/#\/schema\/person\/0d35c1e33827164611441f7cc84c8c64"},"headline":"Antena 3 modifica su noche de los domingos con el estreno de &#8216;El Secreto&#8217;","datePublished":"2026-09-06T10:20:14+00:00","mainEntityOfPage":{"@id":"https:\/\/perspectivaliteraria.com\/index.php\/2026\/09\/06\/antena-3-modifica-su-noche-de-los-domingos-con-el-estreno-de-el-secreto\/"},"wordCount":797,"publisher":{"@id":"https:\/\/perspectivaliteraria.com\/#organization"},"image":{"@id":"https:\/\/perspectivaliteraria.com\/index.php\/2026\/09\/06\/antena-3-modifica-su-noche-de-los-domingos-con-el-estreno-de-el-secreto\/#primaryimage"},"thumbnailUrl":"https:\/\/perspectivaliteraria.com\/wp-content\/uploads\/2026\/09\/actor-turco-murat-yldrm-protagoniza-secreto_96-BOtQzv.jpg","articleSection":["Cine y TV"],"inLanguage":"es"},{"@type":"WebPage","@id":"https:\/\/perspectivaliteraria.com\/index.php\/2026\/09\/06\/antena-3-modifica-su-noche-de-los-domingos-con-el-estreno-de-el-secreto\/","url":"https:\/\/perspectivaliteraria.com\/index.php\/2026\/09\/06\/antena-3-modifica-su-noche-de-los-domingos-con-el-estreno-de-el-secreto\/","name":"Antena 3 modifica su noche de los domingos con el estreno de 'El Secreto' - Perspectiva Literaria | Desde el punto de vista del arte","isPartOf":{"@id":"https:\/\/perspectivaliteraria.com\/#website"},"primaryImageOfPage":{"@id":"https:\/\/perspectivaliteraria.com\/index.php\/2026\/09\/06\/antena-3-modifica-su-noche-de-los-domingos-con-el-estreno-de-el-secreto\/#primaryimage"},"image":{"@id":"https:\/\/perspectivaliteraria.com\/index.php\/2026\/09\/06\/antena-3-modifica-su-noche-de-los-domingos-con-el-estreno-de-el-secreto\/#primaryimage"},"thumbnailUrl":"https:\/\/perspectivaliteraria.com\/wp-content\/uploads\/2026\/09\/actor-turco-murat-yldrm-protagoniza-secreto_96-BOtQzv.jpg","datePublished":"2026-09-06T10:20:14+00:00","breadcrumb":{"@id":"https:\/\/perspectivaliteraria.com\/index.php\/2026\/09\/06\/antena-3-modifica-su-noche-de-los-domingos-con-el-estreno-de-el-secreto\/#breadcrumb"},"inLanguage":"es","potentialAction":[{"@type":"ReadAction","target":["https:\/\/perspectivaliteraria.com\/index.php\/2026\/09\/06\/antena-3-modifica-su-noche-de-los-domingos-con-el-estreno-de-el-secreto\/"]}]},{"@type":"ImageObject","inLanguage":"es","@id":"https:\/\/perspectivaliteraria.com\/index.php\/2026\/09\/06\/antena-3-modifica-su-noche-de-los-domingos-con-el-estreno-de-el-secreto\/#primaryimage","url":"https:\/\/perspectivaliteraria.com\/wp-content\/uploads\/2026\/09\/actor-turco-murat-yldrm-protagoniza-secreto_96-BOtQzv.jpg","contentUrl":"https:\/\/perspectivaliteraria.com\/wp-content\/uploads\/2026\/09\/actor-turco-murat-yldrm-protagoniza-secreto_96-BOtQzv.jpg","width":1280,"height":720},{"@type":"BreadcrumbList","@id":"https:\/\/perspectivaliteraria.com\/index.php\/2026\/09\/06\/antena-3-modifica-su-noche-de-los-domingos-con-el-estreno-de-el-secreto\/#breadcrumb","itemListElement":[{"@type":"ListItem","position":1,"name":"Home","item":"https:\/\/perspectivaliteraria.com\/"},{"@type":"ListItem","position":2,"name":"Antena 3 modifica su noche de los domingos con el estreno de &#8216;El Secreto&#8217;"}]},{"@type":"WebSite","@id":"https:\/\/perspectivaliteraria.com\/#website","url":"https:\/\/perspectivaliteraria.com\/","name":"Perspectiva Literaria | Desde el punto de vista del arte","description":"Perspectiva Literaria es un peri\u00f3dico dedicado a todo lo relacionado con el mundo de la literatura. En sus p\u00e1ginas encontrar\u00e1s rese\u00f1as de libros, entrevistas a autores, noticias del sector editorial, art\u00edculos de opini\u00f3n y mucho m\u00e1s.","publisher":{"@id":"https:\/\/perspectivaliteraria.com\/#organization"},"potentialAction":[{"@type":"SearchAction","target":{"@type":"EntryPoint","urlTemplate":"https:\/\/perspectivaliteraria.com\/?s={search_term_string}"},"query-input":{"@type":"PropertyValueSpecification","valueRequired":true,"valueName":"search_term_string"}}],"inLanguage":"es"},{"@type":"Organization","@id":"https:\/\/perspectivaliteraria.com\/#organization","name":"Perspectiva Literaria | Desde el punto de vista del arte","url":"https:\/\/perspectivaliteraria.com\/","logo":{"@type":"ImageObject","inLanguage":"es","@id":"https:\/\/perspectivaliteraria.com\/#\/schema\/logo\/image\/","url":"https:\/\/perspectivaliteraria.com\/wp-content\/uploads\/2025\/08\/cropped-cropped-23-PerspectivaLiteraria.webp","contentUrl":"https:\/\/perspectivaliteraria.com\/wp-content\/uploads\/2025\/08\/cropped-cropped-23-PerspectivaLiteraria.webp","width":833,"height":145,"caption":"Perspectiva Literaria | Desde el punto de vista del arte"},"image":{"@id":"https:\/\/perspectivaliteraria.com\/#\/schema\/logo\/image\/"}},{"@type":"Person","@id":"https:\/\/perspectivaliteraria.com\/#\/schema\/person\/0d35c1e33827164611441f7cc84c8c64","name":"info@perspectivaliteraria.com","image":{"@type":"ImageObject","inLanguage":"es","@id":"https:\/\/secure.gravatar.com\/avatar\/1f374507b416a78544dcc9b350c64ddec2ebcdd6d216ca8d15e68682c3ee01ac?s=96&d=mm&r=g","url":"https:\/\/secure.gravatar.com\/avatar\/1f374507b416a78544dcc9b350c64ddec2ebcdd6d216ca8d15e68682c3ee01ac?s=96&d=mm&r=g","contentUrl":"https:\/\/secure.gravatar.com\/avatar\/1f374507b416a78544dcc9b350c64ddec2ebcdd6d216ca8d15e68682c3ee01ac?s=96&d=mm&r=g","caption":"info@perspectivaliteraria.com"},"sameAs":["http:\/\/perspectivaliteraria.com"],"url":"https:\/\/perspectivaliteraria.com\/index.php\/author\/infoperspectivaliteraria-com\/"}]}},"_links":{"self":[{"href":"https:\/\/perspectivaliteraria.com\/index.php\/wp-json\/wp\/v2\/posts\/79520","targetHints":{"allow":["GET"]}}],"collection":[{"href":"https:\/\/perspectivaliteraria.com\/index.php\/wp-json\/wp\/v2\/posts"}],"about":[{"href":"https:\/\/perspectivaliteraria.com\/index.php\/wp-json\/wp\/v2\/types\/post"}],"author":[{"embeddable":true,"href":"https:\/\/perspectivaliteraria.com\/index.php\/wp-json\/wp\/v2\/users\/1"}],"replies":[{"embeddable":true,"href":"https:\/\/perspectivaliteraria.com\/index.php\/wp-json\/wp\/v2\/comments?post=79520"}],"version-history":[{"count":0,"href":"https:\/\/perspectivaliteraria.com\/index.php\/wp-json\/wp\/v2\/posts\/79520\/revisions"}],"wp:featuredmedia":[{"embeddable":true,"href":"https:\/\/perspectivaliteraria.com\/index.php\/wp-json\/wp\/v2\/media\/79521"}],"wp:attachment":[{"href":"https:\/\/perspectivaliteraria.com\/index.php\/wp-json\/wp\/v2\/media?parent=79520"}],"wp:term":[{"taxonomy":"category","embeddable":true,"href":"https:\/\/perspectivaliteraria.com\/index.php\/wp-json\/wp\/v2\/categories?post=79520"},{"taxonomy":"post_tag","embeddable":true,"href":"https:\/\/perspectivaliteraria.com\/index.php\/wp-json\/wp\/v2\/tags?post=79520"}],"curies":[{"name":"wp","href":"https:\/\/api.w.org\/{rel}","templated":true}]}}